{"id":294751,"date":"2015-07-20T13:58:06","date_gmt":"2015-07-20T18:58:06","guid":{"rendered":"http:\/\/futboltotal.com.mx\/?p=294751"},"modified":"2015-07-20T13:58:06","modified_gmt":"2015-07-20T18:58:06","slug":"el-barca-seduce-a-kobe-bryant","status":"publish","type":"post","link":"http:\/\/desarrollo.grupomedios.com\/futbol\/no-todo-es-futbol\/el-barca-seduce-a-kobe-bryant\/2015\/07","title":{"rendered":"El Bar\u00e7a seduce a Kobe Bryant"},"content":{"rendered":"<p>El <strong>Barcelona<\/strong> seduce al basquetbolista\u00a0estadounidense\u00a0<strong>Kobe Bryant<\/strong>. Este lunes se dio a conocer que\u00a0la\u00a0entidad <em>blaugrana<\/em>\u00a0pretenden que\u00a0el astro de la NBA termine su carrera\u00a0en la liga de Espa\u00f1a.<\/p>\n<p>\u201c<strong>Kobe <\/strong>se ha ofrecido a terminar su carrera en el <em>Bar\u00e7a<\/em>, y si es con Pau (Gasol), mejor&#8221;, dijo Albert Soler, director de Relaciones Internacionales del <strong>Barcelona<\/strong>.<\/p>\n<div id=\"attachment_294753\" style=\"width: 610px\" class=\"wp-caption aligncenter\"><a href=\"http:\/\/futboltotal.com.mx\/wp-content\/uploads\/2015\/07\/kobe_barcelona.jpg\"><img aria-describedby=\"caption-attachment-294753\" decoding=\"async\" loading=\"lazy\" class=\"wp-image-294753 size-full\" src=\"http:\/\/futboltotal.com.mx\/wp-content\/uploads\/2015\/07\/kobe_barcelona.jpg\" alt=\"kobe_barcelona\" srcset=\"http:\/\/desarrollo.grupomedios.com\/futbol\/wp-content\/uploads\/2015\/07\/kobe_barcelona.jpg 600w, http:\/\/desarrollo.grupomedios.com\/futbol\/wp-content\/uploads\/2015\/07\/kobe_barcelona-300x163.jpg 300w\" sizes=\"(max-width: 600px) 100vw, 600px\" \/><\/a><p id=\"caption-attachment-294753\" class=\"wp-caption-text\">Kobe se ha ofrecido a terminar su carrera en el Bar\u00e7a&#8230;<\/p><\/div>\n<p>Cabe apuntar que <strong>Kobe Bryant<\/strong> jugar\u00e1 su \u00faltima temporada con los <em>Lakers<\/em> de Los \u00c1ngeles.\u201cMe indic\u00f3 que ya ser\u00e1 la final\u201d, reconoci\u00f3 hace unos meses Mitch Kupchak,\u00a0manager general\u00a0del equipo angelino.<\/p>\n<p>Bryant ha jugado la totalidad de su carrera, 20\u00a0temporadas, con los <em>Lakers<\/em> tras entrar a la NBA en 1996. \u201cM\u00e1s que nada, es el final de su tiempo aqu\u00ed\u201d, agreg\u00f3\u00a0Kupchak\u00a0sobre el destino de\u00a0<strong>Kobe Bryant<\/strong>, quien\u00a0ganar\u00e1 25 millones de d\u00f3lares en la temporada 2015-16, en la que intentar\u00e1 dejar de lado las lesiones que lo han aquejado en las \u00faltimas campa\u00f1as.<\/p>\n<p><span style=\"color: #ff0000;\"><strong>EL FUTBOL, SU OTRA PASI\u00d3N<\/strong><\/span> | Fuera del basquetbol, es sabido el gusto que tiene <strong>Kobe Bryant<\/strong> por el balompi\u00e9. &#8220;Me cri\u00e9 en Italia. De los seis a los 14 a\u00f1os jugaba al <strong>futbol<\/strong> cada d\u00eda, es mi deporte preferido&#8221;, ha confesado la estrella de la <strong>NBA<\/strong>.<\/p>\n<p>Adem\u00e1s, se sabe que su descendencia italiana lo hizo ser seguidor del Milan, pero adem\u00e1s reconoce afici\u00f3n por los colores del <strong>Barcelona<\/strong>.\u00a0En ese contexto, destacar que\u00a0<strong>Kobe Bryant<\/strong>\u00a0presenci\u00f3 este lunes el entrenamiento del <em>Bar\u00e7a<\/em>, el cual se desarroll\u00f3 en el StubHub Center, de Carson California.<\/p>\n","protected":false},"excerpt":{"rendered":"<p>Pretenden que la estrella de la NBA termine su carrera en Espa\u00f1a<\/p>\n","protected":false},"author":20,"featured_media":294754,"comment_status":"open","ping_status":"open","sticky":false,"template":"","format":"standard","meta":[],"categories":[5814,5418],"tags":[5816,5461],"_links":{"self":[{"href":"http:\/\/desarrollo.grupomedios.com\/futbol\/wp-json\/wp\/v2\/posts\/294751"}],"collection":[{"href":"http:\/\/desarrollo.grupomedios.com\/futbol\/wp-json\/wp\/v2\/posts"}],"about":[{"href":"http:\/\/desarrollo.grupomedios.com\/futbol\/wp-json\/wp\/v2\/types\/post"}],"author":[{"embeddable":true,"href":"http:\/\/desarrollo.grupomedios.com\/futbol\/wp-json\/wp\/v2\/users\/20"}],"replies":[{"embeddable":true,"href":"http:\/\/desarrollo.grupomedios.com\/futbol\/wp-json\/wp\/v2\/comments?post=294751"}],"version-history":[{"count":0,"href":"http:\/\/desarrollo.grupomedios.com\/futbol\/wp-json\/wp\/v2\/posts\/294751\/revisions"}],"wp:featuredmedia":[{"embeddable":true,"href":"http:\/\/desarrollo.grupomedios.com\/futbol\/wp-json\/wp\/v2\/media\/294754"}],"wp:attachment":[{"href":"http:\/\/desarrollo.grupomedios.com\/futbol\/wp-json\/wp\/v2\/media?parent=294751"}],"wp:term":[{"taxonomy":"category","embeddable":true,"href":"http:\/\/desarrollo.grupomedios.com\/futbol\/wp-json\/wp\/v2\/categories?post=294751"},{"taxonomy":"post_tag","embeddable":true,"href":"http:\/\/desarrollo.grupomedios.com\/futbol\/wp-json\/wp\/v2\/tags?post=294751"}],"curies":[{"name":"wp","href":"https:\/\/api.w.org\/{rel}","templated":true}]}}