{"id":295060,"date":"2015-07-21T12:02:28","date_gmt":"2015-07-21T17:02:28","guid":{"rendered":"http:\/\/futboltotal.com.mx\/?p=295060"},"modified":"2015-07-21T13:00:11","modified_gmt":"2015-07-21T18:00:11","slug":"convierten-a-james-rodriguez-en-supercampeon","status":"publish","type":"post","link":"http:\/\/desarrollo.grupomedios.com\/futbol\/futbol-internacional\/convierten-a-james-rodriguez-en-supercampeon\/2015\/07","title":{"rendered":"Convierten a James Rodr\u00edguez en supercampe\u00f3n"},"content":{"rendered":"<p>A <strong>James Rodr\u00edguez<\/strong> le cumplieron el sue\u00f1o de ser supercampe\u00f3n. El creador de la serie animada japonesa Yoichi Takahashi realiz\u00f3 un simb\u00f3lico homenaje al mediocampista del <strong>Real Madrid<\/strong>, a quien dibuj\u00f3 junto al protagonista Oliver Atom en una ilustraci\u00f3n enmarcada, la cual obsequi\u00f3 al<em> crack<\/em> colombiano.<br \/>\n<a href=\"http:\/\/futboltotal.com.mx\/wp-content\/uploads\/2015\/07\/James1.jpg\"><img decoding=\"async\" loading=\"lazy\" class=\"alignnone size-full wp-image-295065\" src=\"http:\/\/futboltotal.com.mx\/wp-content\/uploads\/2015\/07\/James1.jpg\" alt=\"James\" srcset=\"http:\/\/desarrollo.grupomedios.com\/futbol\/wp-content\/uploads\/2015\/07\/James1.jpg 820w, http:\/\/desarrollo.grupomedios.com\/futbol\/wp-content\/uploads\/2015\/07\/James1-300x201.jpg 300w\" sizes=\"(max-width: 820px) 100vw, 820px\" \/><\/a><\/p>\n","protected":false},"excerpt":{"rendered":"<p>El creador de la serie japonesa dibuj\u00f3 a James junto a Oliver Atom<\/p>\n","protected":false},"author":20,"featured_media":295063,"comment_status":"open","ping_status":"open","sticky":false,"template":"","format":"standard","meta":[],"categories":[3839,3844],"tags":[6082],"_links":{"self":[{"href":"http:\/\/desarrollo.grupomedios.com\/futbol\/wp-json\/wp\/v2\/posts\/295060"}],"collection":[{"href":"http:\/\/desarrollo.grupomedios.com\/futbol\/wp-json\/wp\/v2\/posts"}],"about":[{"href":"http:\/\/desarrollo.grupomedios.com\/futbol\/wp-json\/wp\/v2\/types\/post"}],"author":[{"embeddable":true,"href":"http:\/\/desarrollo.grupomedios.com\/futbol\/wp-json\/wp\/v2\/users\/20"}],"replies":[{"embeddable":true,"href":"http:\/\/desarrollo.grupomedios.com\/futbol\/wp-json\/wp\/v2\/comments?post=295060"}],"version-history":[{"count":0,"href":"http:\/\/desarrollo.grupomedios.com\/futbol\/wp-json\/wp\/v2\/posts\/295060\/revisions"}],"wp:featuredmedia":[{"embeddable":true,"href":"http:\/\/desarrollo.grupomedios.com\/futbol\/wp-json\/wp\/v2\/media\/295063"}],"wp:attachment":[{"href":"http:\/\/desarrollo.grupomedios.com\/futbol\/wp-json\/wp\/v2\/media?parent=295060"}],"wp:term":[{"taxonomy":"category","embeddable":true,"href":"http:\/\/desarrollo.grupomedios.com\/futbol\/wp-json\/wp\/v2\/categories?post=295060"},{"taxonomy":"post_tag","embeddable":true,"href":"http:\/\/desarrollo.grupomedios.com\/futbol\/wp-json\/wp\/v2\/tags?post=295060"}],"curies":[{"name":"wp","href":"https:\/\/api.w.org\/{rel}","templated":true}]}}