{"id":295114,"date":"2015-07-21T15:14:22","date_gmt":"2015-07-21T20:14:22","guid":{"rendered":"http:\/\/futboltotal.com.mx\/?p=295114"},"modified":"2015-07-21T15:15:10","modified_gmt":"2015-07-21T20:15:10","slug":"se-ajustan-transmisiones-de-tv-en-la-liga-mx","status":"publish","type":"post","link":"http:\/\/desarrollo.grupomedios.com\/futbol\/futbol-mexicano\/se-ajustan-transmisiones-de-tv-en-la-liga-mx\/2015\/07","title":{"rendered":"Se ajustan transmisiones de TV en la Liga MX"},"content":{"rendered":"<p>El <strong>Apertura 2015<\/strong> de la <strong>Liga MX<\/strong>\u00a0-torneo que arranca el pr\u00f3ximo viernes- tendr\u00e1 notables cambios en cuento a las transmisiones de televisi\u00f3n. En ese sentido, destaca que <strong>Televisa<\/strong>\u00a0tiene los derechos de los cuatro grandes del futbol mexicano y que se aumenta el n\u00famero de equipos que van por televisi\u00f3n restringida.<\/p>\n<p>Tras 18 a\u00f1os en la pantalla de <strong>TV Azteca<\/strong>, los partidos de local de <strong>Cruz Azul<\/strong> volver\u00e1n a ser trasmitidos por la televisora de Chapultepec. Sin duda, uno de los movimientos m\u00e1s destacados que se gestionaron durante el largo receso de la liga mexicana.<\/p>\n<p>Por su parte, la cadena del Ajusco suma a su oferta de futbol a los equipos <strong>Atlas<\/strong> y <strong>Veracruz<\/strong>, equipos que la temporada pasada eran transmitidos por Televisa. En ese rengl\u00f3n cabe apuntar que los <em>Tiburones Rojos<\/em> aparecer\u00e1n en el llamado <em>Viernes Botanero<\/em> de <strong>TV Azteca<\/strong>.<\/p>\n<p>Por otra parte, la televisi\u00f3n de paga tendr\u00e1 dos nuevos equipos: <strong>Puebla<\/strong> ser\u00e1 transmitido por <strong>SKY<\/strong>\u00a0y <em>Dorados<\/em> de <strong>Sinaloa<\/strong>, escuadra que regresa a la <strong>Liga MX<\/strong>, lleg\u00f3 a un acuerdo con <strong>TVC Deportes<\/strong>.<\/p>\n<p>En ese sentido, trasciende que el tema de los <em>Camoteros<\/em> se complic\u00f3 con <strong>TV Azteca<\/strong> porque el club prefiri\u00f3 cambiar su horario para jugar los domingos a las 17:00 horas, en lugar del s\u00e1bado, ajuste que no acept\u00f3 la televisora.<\/p>\n<p>En el caso de los sinaloenses, sus partidos de local\u00a0ser\u00e1n\u00a0transmitidos por\u00a0<strong>TVC Deportes<\/strong> a trav\u00e9s de dos plataformas: Megacable y Dish.<\/p>\n<p><span style=\"color: #ff0000;\"><strong>DERECHOS DE TRANSMISI\u00d3N<\/strong><\/span><\/p>\n<p><strong>Televisa<\/strong> | Am\u00e9rica, Chivas, Cruz Azul, Pumas, Monterrey, Tigres, Toluca y Chiapas.<\/p>\n<p><strong>TV Azteca<\/strong> | Atlas, Veracruz, Santos, Xolos, Quer\u00e9taro, Morelia.<\/p>\n<p><strong>Fox Sports<\/strong> | Le\u00f3n y Pachuca.<\/p>\n<p><strong>TVC Deportes<\/strong> | Dorados.<\/p>\n<p><strong>SKY<\/strong> | Puebla.<\/p>\n","protected":false},"excerpt":{"rendered":"<p>Todos los partidos de Puebla ser\u00e1n trasmitidos por Sky<\/p>\n","protected":false},"author":20,"featured_media":295125,"comment_status":"open","ping_status":"open","sticky":false,"template":"","format":"standard","meta":[],"categories":[2198,3845],"tags":[64,5820],"_links":{"self":[{"href":"http:\/\/desarrollo.grupomedios.com\/futbol\/wp-json\/wp\/v2\/posts\/295114"}],"collection":[{"href":"http:\/\/desarrollo.grupomedios.com\/futbol\/wp-json\/wp\/v2\/posts"}],"about":[{"href":"http:\/\/desarrollo.grupomedios.com\/futbol\/wp-json\/wp\/v2\/types\/post"}],"author":[{"embeddable":true,"href":"http:\/\/desarrollo.grupomedios.com\/futbol\/wp-json\/wp\/v2\/users\/20"}],"replies":[{"embeddable":true,"href":"http:\/\/desarrollo.grupomedios.com\/futbol\/wp-json\/wp\/v2\/comments?post=295114"}],"version-history":[{"count":0,"href":"http:\/\/desarrollo.grupomedios.com\/futbol\/wp-json\/wp\/v2\/posts\/295114\/revisions"}],"wp:featuredmedia":[{"embeddable":true,"href":"http:\/\/desarrollo.grupomedios.com\/futbol\/wp-json\/wp\/v2\/media\/295125"}],"wp:attachment":[{"href":"http:\/\/desarrollo.grupomedios.com\/futbol\/wp-json\/wp\/v2\/media?parent=295114"}],"wp:term":[{"taxonomy":"category","embeddable":true,"href":"http:\/\/desarrollo.grupomedios.com\/futbol\/wp-json\/wp\/v2\/categories?post=295114"},{"taxonomy":"post_tag","embeddable":true,"href":"http:\/\/desarrollo.grupomedios.com\/futbol\/wp-json\/wp\/v2\/tags?post=295114"}],"curies":[{"name":"wp","href":"https:\/\/api.w.org\/{rel}","templated":true}]}}