{"id":295200,"date":"2015-07-21T20:53:15","date_gmt":"2015-07-22T01:53:15","guid":{"rendered":"http:\/\/futboltotal.com.mx\/?p=295200"},"modified":"2015-07-21T20:53:54","modified_gmt":"2015-07-22T01:53:54","slug":"olimpia-oferta-por-roque-santa-cruz","status":"publish","type":"post","link":"http:\/\/desarrollo.grupomedios.com\/futbol\/futbol-mexicano\/olimpia-oferta-por-roque-santa-cruz\/2015\/07","title":{"rendered":"Olimpia oferta por Roque Santa Cruz"},"content":{"rendered":"<p>Luego de causar baja del <a href=\"http:\/\/futboltotal.com.mx\/equipos\/cruz-azul\/\" target=\"_blank\"><strong>Cruz Azul<\/strong><\/a> por lesi\u00f3n, el paraguayo <strong>Roque Santa Cruz<\/strong> busca acomodo en el extranjero para evitar quedarse inactivo medio a\u00f1o. Aunque no podr\u00e1 jugar por dos meses, el jugador tiene una oferta del <strong>Olimpia<\/strong>.<\/p>\n<p>El presidente del equipo guaran\u00ed, Marco Trovato, confes\u00f3 que se puso en contacto con el ariete para llegar a un acuerdo y toda vez que el futbolista supere sus problemas f\u00edsicos se integre al plantel.<\/p>\n<p>&#8220;Personalmente habl\u00e9 con Roque y con su representante y ya le hicimos la propuesta de venir a <strong>Olimpia<\/strong> a recuperarse y jugar los \u00faltimos meses, las puertas del club est\u00e1n abiertas. Hay buena predisposici\u00f3n, en estos d\u00edas se define. Lo econ\u00f3mico con Roque lo arreglamos en 5 minutos, depender\u00e1 de <strong>Cruz Azul<\/strong>, pero me parece que es negocio para ellos que venga a ac\u00e1, porque por m\u00e1s de que no juegue le deber\u00e1n pagar el salario\u201d, coment\u00f3 el dirigente.<\/p>\n<p>&#8220;Me da esperanza que pueda venir a jugar al <strong>Olimpia<\/strong> y que la gente vuelva a disfrutar de sus goles y que nos ayude a obtener grandes cosas, a obtener la Sudamericana, a obtener un campeonato local de vuelta y es una oportunidad para poder disfrutar al menos tres o seis meses&#8221;, a\u00f1adi\u00f3.<\/p>\n<p>El fichaje tiene como fecha l\u00edmite este viernes, porque es el cierre del mercado de contrataciones en la liga de Paraguay.<\/p>\n","protected":false},"excerpt":{"rendered":"<p>El fichaje se anunciar\u00eda a m\u00e1s tardar el viernes<\/p>\n","protected":false},"author":20,"featured_media":295201,"comment_status":"open","ping_status":"open","sticky":false,"template":"","format":"standard","meta":[],"categories":[2198,3845],"tags":[5962,650],"_links":{"self":[{"href":"http:\/\/desarrollo.grupomedios.com\/futbol\/wp-json\/wp\/v2\/posts\/295200"}],"collection":[{"href":"http:\/\/desarrollo.grupomedios.com\/futbol\/wp-json\/wp\/v2\/posts"}],"about":[{"href":"http:\/\/desarrollo.grupomedios.com\/futbol\/wp-json\/wp\/v2\/types\/post"}],"author":[{"embeddable":true,"href":"http:\/\/desarrollo.grupomedios.com\/futbol\/wp-json\/wp\/v2\/users\/20"}],"replies":[{"embeddable":true,"href":"http:\/\/desarrollo.grupomedios.com\/futbol\/wp-json\/wp\/v2\/comments?post=295200"}],"version-history":[{"count":0,"href":"http:\/\/desarrollo.grupomedios.com\/futbol\/wp-json\/wp\/v2\/posts\/295200\/revisions"}],"wp:featuredmedia":[{"embeddable":true,"href":"http:\/\/desarrollo.grupomedios.com\/futbol\/wp-json\/wp\/v2\/media\/295201"}],"wp:attachment":[{"href":"http:\/\/desarrollo.grupomedios.com\/futbol\/wp-json\/wp\/v2\/media?parent=295200"}],"wp:term":[{"taxonomy":"category","embeddable":true,"href":"http:\/\/desarrollo.grupomedios.com\/futbol\/wp-json\/wp\/v2\/categories?post=295200"},{"taxonomy":"post_tag","embeddable":true,"href":"http:\/\/desarrollo.grupomedios.com\/futbol\/wp-json\/wp\/v2\/tags?post=295200"}],"curies":[{"name":"wp","href":"https:\/\/api.w.org\/{rel}","templated":true}]}}