{"id":295228,"date":"2015-07-22T15:00:18","date_gmt":"2015-07-22T20:00:18","guid":{"rendered":"http:\/\/futboltotal.com.mx\/?p=295228"},"modified":"2015-08-03T13:48:35","modified_gmt":"2015-08-03T18:48:35","slug":"malaga-valora-salida-de-memo-ochoa","status":"publish","type":"post","link":"http:\/\/desarrollo.grupomedios.com\/futbol\/destacado-home\/malaga-valora-salida-de-memo-ochoa\/2015\/07","title":{"rendered":"M\u00e1laga valora salida de Memo Ochoa"},"content":{"rendered":"<p>Tras haber concretado la llegada Raul Albentosa, el M\u00e1laga pone manos a la obra para definir lo antes posible el futuro del portero mexicano<strong> Guillermo Ochoa<\/strong>, quien tiene contrato hasta 2017 y es la llave para concretar la llegada del s\u00e9ptimo refuerzo del club para la temporada 2015-16.<\/p>\n<p>Al margen de toda pol\u00e9mica por la presunta mala relaci\u00f3n deportiva que hay entre Ochoa, Kameni y el entrenador Javi Gracia, el conjunto andaluz contempla la posibilidad de ceder o vender al mexicano para liberar una de las tres plazas extracomunitarias y darle cabida al argentino Cristian Espinoza, de 20 a\u00f1os, quien se desempe\u00f1a como extremo derecho y llegar\u00e1 al Villarreal procedente de Hurac\u00e1n.<\/p>\n<p>Despu\u00e9s de haber negodicado el traspaso de los Samu Garc\u00eda y Samu Castillejo, el M\u00e1laga pact\u00f3 con el <em>Submarino<\/em> la cesi\u00f3n de Espinoza. Este mi\u00e9rcoles las conversaciones han vuelto a darse entre ambos clubes y el acuerdo sigue en pie, por lo que el M\u00e1laga pone el ojo sobre Ochoa y espera la llegada de una oferta seria para valorar c\u00f3mo darle salida.<\/p>\n<p>De acuerdo con el diario <em>AS, <\/em>los <em>Boquerones<\/em> no han recibido nada en firme. A pesar de ello, el M\u00e1laga busca el reemplazo de Memo Ochoa y desde hace un mes contact\u00f3 con Javi Varas, agente libre tras haber militado en el Real Valladolid el a\u00f1o pasado. Los <em>Blanquiazules<\/em> pidieron al oriundo de Sevilla esperara a que se definiera el futuro de Ochoa pero al final termin\u00f3 por aceptar la propuesta de Las Palmas, que volver\u00e1 a Primera Divisi\u00f3n tras 13 a\u00f1os.<\/p>\n<p>En la pretemporada, el M\u00e1laga trabaja con lo porteros Carlos Kameni y los canterano Aar\u00f3n y Pol Ballest\u00e9, a la espera de definir de una buena vez el futuro del internacional mexicano, quien hasta ahora se ha rumorado podr\u00eda ir a la Premier o regresar a la Ligue 1 con el Tolouse, la \u00faltima entidad con la que fue vinculado.<\/p>\n","protected":false},"excerpt":{"rendered":"<p>Los Boquerones necesitan liberar una plaza de extranjero para abrir un hueco al argentino Cristian Espinoza<\/p>\n","protected":false},"author":20,"featured_media":295237,"comment_status":"open","ping_status":"open","sticky":false,"template":"","format":"standard","meta":[],"categories":[5,3839],"tags":[5991,306],"_links":{"self":[{"href":"http:\/\/desarrollo.grupomedios.com\/futbol\/wp-json\/wp\/v2\/posts\/295228"}],"collection":[{"href":"http:\/\/desarrollo.grupomedios.com\/futbol\/wp-json\/wp\/v2\/posts"}],"about":[{"href":"http:\/\/desarrollo.grupomedios.com\/futbol\/wp-json\/wp\/v2\/types\/post"}],"author":[{"embeddable":true,"href":"http:\/\/desarrollo.grupomedios.com\/futbol\/wp-json\/wp\/v2\/users\/20"}],"replies":[{"embeddable":true,"href":"http:\/\/desarrollo.grupomedios.com\/futbol\/wp-json\/wp\/v2\/comments?post=295228"}],"version-history":[{"count":0,"href":"http:\/\/desarrollo.grupomedios.com\/futbol\/wp-json\/wp\/v2\/posts\/295228\/revisions"}],"wp:featuredmedia":[{"embeddable":true,"href":"http:\/\/desarrollo.grupomedios.com\/futbol\/wp-json\/wp\/v2\/media\/295237"}],"wp:attachment":[{"href":"http:\/\/desarrollo.grupomedios.com\/futbol\/wp-json\/wp\/v2\/media?parent=295228"}],"wp:term":[{"taxonomy":"category","embeddable":true,"href":"http:\/\/desarrollo.grupomedios.com\/futbol\/wp-json\/wp\/v2\/categories?post=295228"},{"taxonomy":"post_tag","embeddable":true,"href":"http:\/\/desarrollo.grupomedios.com\/futbol\/wp-json\/wp\/v2\/tags?post=295228"}],"curies":[{"name":"wp","href":"https:\/\/api.w.org\/{rel}","templated":true}]}}