{"id":295333,"date":"2015-07-22T16:55:05","date_gmt":"2015-07-22T21:55:05","guid":{"rendered":"http:\/\/futboltotal.com.mx\/?p=295333"},"modified":"2015-07-22T16:55:05","modified_gmt":"2015-07-22T21:55:05","slug":"oficial-liverpool-ficha-a-benteke","status":"publish","type":"post","link":"http:\/\/desarrollo.grupomedios.com\/futbol\/futbol-internacional\/oficial-liverpool-ficha-a-benteke\/2015\/07","title":{"rendered":"Oficial: Liverpool ficha a Benteke"},"content":{"rendered":"<p>&#8220;Vengo a ganar trofeos&#8221;. As\u00ed se present\u00f3 <strong>Christian Benteke<\/strong> en el complejo de Melwood, despu\u00e9s de haber aprobado los ex\u00e1menes m\u00e9dicos y convertirse en el nuevo fichaje del Liverpool para la temporada 2015-16.<\/p>\n<p>El delantero, de 24 a\u00f1os, firm\u00f3 contrato por cinco temporadas y su ex equipo Aston Villa recibi\u00f3 32.5 millones de libras esterlinas por el traspaso. Benteke se convirti\u00f3 en el s\u00e9ptimo refuerzo del club, seg\u00fan confirmaron los <em>Reds<\/em> en su cuenta de <em>Twitter.<\/em><\/p>\n<blockquote class=\"twitter-tweet\" lang=\"es\">\n<p dir=\"ltr\" lang=\"en\"><a href=\"https:\/\/twitter.com\/hashtag\/LFC?src=hash\">#LFC<\/a> are delighted to confirm the signing of Belgian striker <a href=\"https:\/\/twitter.com\/bentekechris20\">@bentekechris20<\/a> from <a href=\"https:\/\/twitter.com\/AVFCOfficial\">@AVFCOfficial<\/a> <a href=\"https:\/\/twitter.com\/hashtag\/BentekeLFC?src=hash\">#BentekeLFC<\/a> <a href=\"http:\/\/t.co\/QODMLLUGhn\">pic.twitter.com\/QODMLLUGhn<\/a><\/p>\n<p>\u2014 Liverpool FC (@LFC) <a href=\"https:\/\/twitter.com\/LFC\/status\/623945401188642816\">julio 22, 2015<\/a><\/p><\/blockquote>\n<p><script src=\"\/\/platform.twitter.com\/widgets.js\" async=\"\" charset=\"utf-8\"><\/script><\/p>\n<p>&#8220;Estoy muy contento de estar aqu\u00ed. Agardezco al club el esfuerzo que hizo y espero pagara con goles y ayudar al equipo a ganar t\u00edtulos&#8221;, explic\u00f3 el internacional belga, autor de 42 goles en 88 paridos con el Aston Villa.<\/p>\n<p>De los siete traspasos que ha concretado el club hasta el momento el de Christian es el m\u00e1s elevado (<span id=\"ext-gen198\">\u00a3<\/span>32.5 m) y el desembolso total del club asciende a 77 millones de libras.<\/p>\n<p>Benteke, quien ya est\u00e1 instalado en Liverpool con su esposa y su peque\u00f1o hijo, se integrar\u00e1 a los entrenamientos este jueves\u00a0 y formar\u00e1 parte de la plantilla que viajar\u00e1 a Finlandia para enfrentar al <span id=\"result_box\" class=\"\" lang=\"es\"> <span class=\"hps\">HJK<\/span> <span class=\"hps\">Helsinki<\/span>, <\/span>el 1 de agosto, ocho d\u00edas antes de debutar en la Premier ante el Stoke City.<\/p>\n<p>&nbsp;<\/p>\n","protected":false},"excerpt":{"rendered":"<p>El delantero belga, de 24 a\u00f1os, es el fichaje m\u00e1s caro del club para la pr\u00f3xima temporada<\/p>\n","protected":false},"author":20,"featured_media":295339,"comment_status":"open","ping_status":"open","sticky":false,"template":"","format":"standard","meta":[],"categories":[3839,3844,3846],"tags":[5494,4847,5989],"_links":{"self":[{"href":"http:\/\/desarrollo.grupomedios.com\/futbol\/wp-json\/wp\/v2\/posts\/295333"}],"collection":[{"href":"http:\/\/desarrollo.grupomedios.com\/futbol\/wp-json\/wp\/v2\/posts"}],"about":[{"href":"http:\/\/desarrollo.grupomedios.com\/futbol\/wp-json\/wp\/v2\/types\/post"}],"author":[{"embeddable":true,"href":"http:\/\/desarrollo.grupomedios.com\/futbol\/wp-json\/wp\/v2\/users\/20"}],"replies":[{"embeddable":true,"href":"http:\/\/desarrollo.grupomedios.com\/futbol\/wp-json\/wp\/v2\/comments?post=295333"}],"version-history":[{"count":0,"href":"http:\/\/desarrollo.grupomedios.com\/futbol\/wp-json\/wp\/v2\/posts\/295333\/revisions"}],"wp:featuredmedia":[{"embeddable":true,"href":"http:\/\/desarrollo.grupomedios.com\/futbol\/wp-json\/wp\/v2\/media\/295339"}],"wp:attachment":[{"href":"http:\/\/desarrollo.grupomedios.com\/futbol\/wp-json\/wp\/v2\/media?parent=295333"}],"wp:term":[{"taxonomy":"category","embeddable":true,"href":"http:\/\/desarrollo.grupomedios.com\/futbol\/wp-json\/wp\/v2\/categories?post=295333"},{"taxonomy":"post_tag","embeddable":true,"href":"http:\/\/desarrollo.grupomedios.com\/futbol\/wp-json\/wp\/v2\/tags?post=295333"}],"curies":[{"name":"wp","href":"https:\/\/api.w.org\/{rel}","templated":true}]}}