{"id":295334,"date":"2015-07-22T16:19:47","date_gmt":"2015-07-22T21:19:47","guid":{"rendered":"http:\/\/futboltotal.com.mx\/?p=295334"},"modified":"2015-07-22T16:21:05","modified_gmt":"2015-07-22T21:21:05","slug":"no-tengo-que-demostrar-nada-en-america-darwin-quintero","status":"publish","type":"post","link":"http:\/\/desarrollo.grupomedios.com\/futbol\/futbol-mexicano\/no-tengo-que-demostrar-nada-en-america-darwin-quintero\/2015\/07","title":{"rendered":"\u201cNo tengo que demostrar nada en Am\u00e9rica\u201d: Quintero"},"content":{"rendered":"<p>Cuando <strong>Darwin Quintero<\/strong> lleg\u00f3 al <a href=\"http:\/\/futboltotal.com.mx\/equipos\/america\/\" target=\"_blank\"><strong>Am\u00e9rica<\/strong><\/a> como refuerzo para el Clausura 2015, la afici\u00f3n <em>azulcrema<\/em> se ilusion\u00f3 porque esperaba que el jugador se convirtiera en el motor del ataque, sin embargo, el colombiano no encontr\u00f3 regularidad por lo que se llev\u00f3 diversas cr\u00edticas. Pese a este panorama, el futbolista descart\u00f3 que tenga que demostrar algo en el <em>Nido<\/em>, pero se\u00f1al\u00f3 que espera afianzarse en el <strong>Apertura 2015<\/strong>.<\/p>\n<p>&#8220;Si me critican, si cada qui\u00e9n da su punto de vista, si veo que por ah\u00ed tienen raz\u00f3n no les digo nada pero cuando te ofenden ya es otra cosa, Una cosa es criticar y otra cosa es ofender. Ya lo manifest\u00e9 en mi <em>Twitter<\/em> una vez. Si me quieren decir cosas, la gente est\u00e1 en todo su derecho, ya cuando pasan de eso a la ofensa ah\u00ed ya no te puedes quedar callado&#8221;, coment\u00f3 el volante <em>cafetero<\/em>.<\/p>\n<p>Despu\u00e9s de participar en la presentaci\u00f3n del <a href=\"http:\/\/futboltotal.com.mx\/2015\/07\/america-presenta-nuevo-uniforme\/\" target=\"_blank\">nuevo uniforme de las \u00c1guilas<\/a>, <strong>Darwin Quintero<\/strong> desestim\u00f3 que inicie el torneo con objetivo de callar bocas, pues solo se concentra en aportar su talento al equipo que dirige Ignacio Ambr\u00edz.<\/p>\n<p>&#8220;A la gente no le tengo que demostrar nada, llevo seis a\u00f1os aqu\u00ed en M\u00e9xico y nadie puede poner en duda mi calidad, yo voy a seguir trabajando y si en un partido las cosas no me salen bien me voy a preparar para que en el otro me salgan. Esto es as\u00ed, cuando no la traes, no la traes y no me hab\u00eda tocado un torneo as\u00ed desde que llegu\u00e9 a M\u00e9xico&#8221;, concluy\u00f3.<\/p>\n","protected":false},"excerpt":{"rendered":"<p>&#8220;A la gente no le tengo que demostrar nada&#8221;, afirm\u00f3 el colombiano<\/p>\n","protected":false},"author":20,"featured_media":295335,"comment_status":"open","ping_status":"open","sticky":false,"template":"","format":"standard","meta":[],"categories":[2198,3845],"tags":[5959,284],"_links":{"self":[{"href":"http:\/\/desarrollo.grupomedios.com\/futbol\/wp-json\/wp\/v2\/posts\/295334"}],"collection":[{"href":"http:\/\/desarrollo.grupomedios.com\/futbol\/wp-json\/wp\/v2\/posts"}],"about":[{"href":"http:\/\/desarrollo.grupomedios.com\/futbol\/wp-json\/wp\/v2\/types\/post"}],"author":[{"embeddable":true,"href":"http:\/\/desarrollo.grupomedios.com\/futbol\/wp-json\/wp\/v2\/users\/20"}],"replies":[{"embeddable":true,"href":"http:\/\/desarrollo.grupomedios.com\/futbol\/wp-json\/wp\/v2\/comments?post=295334"}],"version-history":[{"count":0,"href":"http:\/\/desarrollo.grupomedios.com\/futbol\/wp-json\/wp\/v2\/posts\/295334\/revisions"}],"wp:featuredmedia":[{"embeddable":true,"href":"http:\/\/desarrollo.grupomedios.com\/futbol\/wp-json\/wp\/v2\/media\/295335"}],"wp:attachment":[{"href":"http:\/\/desarrollo.grupomedios.com\/futbol\/wp-json\/wp\/v2\/media?parent=295334"}],"wp:term":[{"taxonomy":"category","embeddable":true,"href":"http:\/\/desarrollo.grupomedios.com\/futbol\/wp-json\/wp\/v2\/categories?post=295334"},{"taxonomy":"post_tag","embeddable":true,"href":"http:\/\/desarrollo.grupomedios.com\/futbol\/wp-json\/wp\/v2\/tags?post=295334"}],"curies":[{"name":"wp","href":"https:\/\/api.w.org\/{rel}","templated":true}]}}