{"id":295376,"date":"2015-07-22T19:59:42","date_gmt":"2015-07-23T00:59:42","guid":{"rendered":"http:\/\/futboltotal.com.mx\/?p=295376"},"modified":"2015-07-22T19:59:42","modified_gmt":"2015-07-23T00:59:42","slug":"debutan-trailer-de-spectre-pelicula-de-james-bond","status":"publish","type":"post","link":"http:\/\/desarrollo.grupomedios.com\/futbol\/no-todo-es-futbol\/debutan-trailer-de-spectre-pelicula-de-james-bond\/2015\/07","title":{"rendered":"Debutan tr\u00e1iler de Spectre, pel\u00edcula de James Bond"},"content":{"rendered":"<p>Spectre, la nueva pel\u00edcula del s\u00faper agente secreto brit\u00e1nico James Bond, debut\u00f3 su tr\u00e1iler este mi\u00e9rcoles, en el que se muestran las primeras im\u00e1genes de lo filmado en la <strong>Ciudad de M\u00e9xico<\/strong> para la entrega n\u00famero 24 de esta serie hace algunos meses.<\/p>\n<p>Utilizando para su filmaci\u00f3n el <strong>Centro Hist\u00f3rico<\/strong> de la capital mexicana, la cinta protagonizada por Daniel Craig y dirigida por Sam Mendes mont\u00f3 un desfile de D\u00eda de Muertos para grabar una escena clave de la pel\u00edcula, misma que se puede apreciar en el tr\u00e1iler.<\/p>\n<p>La previa fue revelada por primera vez este mi\u00e9rcoles, y revela las escenas que tiene 007 con la organizaci\u00f3n criminal presente en los primeros libros y pel\u00edculas en la serie del autor brit\u00e1nico Ian Fleming, <strong>Spectre<\/strong>.<\/p>\n<p>El villano de la pel\u00edcula ser\u00e1 protagonizado por el austriaco y ganador del Oscar, <strong>Christoph Waltz<\/strong>. Las Bond Girls para la cinta son la italiana M\u00f3nica Bellucci como una viuda misteriosa, y la francesa Lea Seydoux, quien protagoniza una doctora que se encuentra a Bond en los Alpes.<\/p>\n<p>Ser\u00e1 hasta el pr\u00f3ximo 6 de noviembre que debutar\u00e1 el filme a nivel mundial, por lo que te presentamos el tr\u00e1iler a continuaci\u00f3n para que vayas viendo los primeros aspectos de Spectre:<br \/>\n<iframe loading=\"lazy\" src=\"https:\/\/www.youtube.com\/embed\/ujmoYyEyDP8\" frameborder=\"0\" allowfullscreen=\"allowfullscreen\"><\/iframe><\/p>\n","protected":false},"excerpt":{"rendered":"<p>El Centro Hist\u00f3rico del DF aparece en todo su esplendor en el tr\u00e1iler<\/p>\n","protected":false},"author":20,"featured_media":295395,"comment_status":"open","ping_status":"open","sticky":false,"template":"","format":"standard","meta":[],"categories":[5418],"tags":[64,5824],"_links":{"self":[{"href":"http:\/\/desarrollo.grupomedios.com\/futbol\/wp-json\/wp\/v2\/posts\/295376"}],"collection":[{"href":"http:\/\/desarrollo.grupomedios.com\/futbol\/wp-json\/wp\/v2\/posts"}],"about":[{"href":"http:\/\/desarrollo.grupomedios.com\/futbol\/wp-json\/wp\/v2\/types\/post"}],"author":[{"embeddable":true,"href":"http:\/\/desarrollo.grupomedios.com\/futbol\/wp-json\/wp\/v2\/users\/20"}],"replies":[{"embeddable":true,"href":"http:\/\/desarrollo.grupomedios.com\/futbol\/wp-json\/wp\/v2\/comments?post=295376"}],"version-history":[{"count":0,"href":"http:\/\/desarrollo.grupomedios.com\/futbol\/wp-json\/wp\/v2\/posts\/295376\/revisions"}],"wp:featuredmedia":[{"embeddable":true,"href":"http:\/\/desarrollo.grupomedios.com\/futbol\/wp-json\/wp\/v2\/media\/295395"}],"wp:attachment":[{"href":"http:\/\/desarrollo.grupomedios.com\/futbol\/wp-json\/wp\/v2\/media?parent=295376"}],"wp:term":[{"taxonomy":"category","embeddable":true,"href":"http:\/\/desarrollo.grupomedios.com\/futbol\/wp-json\/wp\/v2\/categories?post=295376"},{"taxonomy":"post_tag","embeddable":true,"href":"http:\/\/desarrollo.grupomedios.com\/futbol\/wp-json\/wp\/v2\/tags?post=295376"}],"curies":[{"name":"wp","href":"https:\/\/api.w.org\/{rel}","templated":true}]}}