{"id":295824,"date":"2015-07-24T10:55:38","date_gmt":"2015-07-24T15:55:38","guid":{"rendered":"http:\/\/futboltotal.com.mx\/?p=295824"},"modified":"2015-07-24T10:56:21","modified_gmt":"2015-07-24T15:56:21","slug":"se-olvidan-de-saludar-a-louis-van-gaal","status":"publish","type":"post","link":"http:\/\/desarrollo.grupomedios.com\/futbol\/videos\/se-olvidan-de-saludar-a-louis-van-gaal\/2015\/07","title":{"rendered":"Se olvidan de saludar a Louis Van Gaal"},"content":{"rendered":"<p>Todo el mundo sabe que el car\u00e1cter de <strong>Louis Van Gaal<\/strong> es complicado. En bastantes ocasiones ha hecho enfurecer a los entrevistadores con sus respuestas y en ocasiones, las preguntas son las causantes de su furia.<\/p>\n<p>Pero, \u00bfqu\u00e9 pasar\u00eda si antes de cualquier charla se olvidan de saludar a Louis Van Gaal? La respuesta a esta inc\u00f3gnita fue resuelta gracias al canal del Manchester United, en donde el entrevistador acudi\u00f3 a resolver ciertas dudas acerca de la pretemporada y m\u00e1s all\u00e1, pero ante la llegada del pol\u00e9mico estratega holand\u00e9s se olvid\u00f3 de apretar sus manos, lo que provoc\u00f3 el enfado de Louis.<\/p>\n<p><a href=\"http:\/\/futboltotal.com.mx\/wp-content\/uploads\/2015\/07\/SSS.png\"><img decoding=\"async\" loading=\"lazy\" class=\"alignnone size-full wp-image-295830\" src=\"http:\/\/futboltotal.com.mx\/wp-content\/uploads\/2015\/07\/SSS.png\" alt=\"SSS\" srcset=\"http:\/\/desarrollo.grupomedios.com\/futbol\/wp-content\/uploads\/2015\/07\/SSS.png 615w, http:\/\/desarrollo.grupomedios.com\/futbol\/wp-content\/uploads\/2015\/07\/SSS-300x200.png 300w\" sizes=\"(max-width: 615px) 100vw, 615px\" \/><\/a><\/p>\n<p>Afortunadamente se calm\u00f3 un poco, aunque <strong>Van Gaa<\/strong>l no se qued\u00f3 con las ganas de lanzarle una mirada diab\u00f3lica como muestra a su fr\u00eda bienvenida.<\/p>\n<p><iframe loading=\"lazy\" src=\"https:\/\/www.youtube.com\/embed\/j9xKSrk83i4\" frameborder=\"0\" allowfullscreen=\"allowfullscreen\"><\/iframe><\/p>\n","protected":false},"excerpt":{"rendered":"<p>El t\u00e9cnico se molest\u00f3 un poco con el entrevistador tras la fr\u00eda bienvenida<\/p>\n","protected":false},"author":20,"featured_media":295827,"comment_status":"open","ping_status":"open","sticky":false,"template":"","format":"standard","meta":[],"categories":[3846,4],"tags":[780,43],"_links":{"self":[{"href":"http:\/\/desarrollo.grupomedios.com\/futbol\/wp-json\/wp\/v2\/posts\/295824"}],"collection":[{"href":"http:\/\/desarrollo.grupomedios.com\/futbol\/wp-json\/wp\/v2\/posts"}],"about":[{"href":"http:\/\/desarrollo.grupomedios.com\/futbol\/wp-json\/wp\/v2\/types\/post"}],"author":[{"embeddable":true,"href":"http:\/\/desarrollo.grupomedios.com\/futbol\/wp-json\/wp\/v2\/users\/20"}],"replies":[{"embeddable":true,"href":"http:\/\/desarrollo.grupomedios.com\/futbol\/wp-json\/wp\/v2\/comments?post=295824"}],"version-history":[{"count":0,"href":"http:\/\/desarrollo.grupomedios.com\/futbol\/wp-json\/wp\/v2\/posts\/295824\/revisions"}],"wp:featuredmedia":[{"embeddable":true,"href":"http:\/\/desarrollo.grupomedios.com\/futbol\/wp-json\/wp\/v2\/media\/295827"}],"wp:attachment":[{"href":"http:\/\/desarrollo.grupomedios.com\/futbol\/wp-json\/wp\/v2\/media?parent=295824"}],"wp:term":[{"taxonomy":"category","embeddable":true,"href":"http:\/\/desarrollo.grupomedios.com\/futbol\/wp-json\/wp\/v2\/categories?post=295824"},{"taxonomy":"post_tag","embeddable":true,"href":"http:\/\/desarrollo.grupomedios.com\/futbol\/wp-json\/wp\/v2\/tags?post=295824"}],"curies":[{"name":"wp","href":"https:\/\/api.w.org\/{rel}","templated":true}]}}