{"id":295893,"date":"2015-07-24T14:56:13","date_gmt":"2015-07-24T19:56:13","guid":{"rendered":"http:\/\/futboltotal.com.mx\/?p=295893"},"modified":"2015-07-24T15:18:40","modified_gmt":"2015-07-24T20:18:40","slug":"de-gea-comenzara-la-temporada-van-gaal","status":"publish","type":"post","link":"http:\/\/desarrollo.grupomedios.com\/futbol\/futbol-internacional\/de-gea-comenzara-la-temporada-van-gaal\/2015\/07","title":{"rendered":"&#8220;De Gea comenzar\u00e1 la temporada&#8221;: Van Gaal"},"content":{"rendered":"<p>En rueda de prensa previo al partido que sostendr\u00e1 ante el <strong>Barcelona<\/strong> en la International Champions Cup, el t\u00e9cnico del<strong> Manchester United, Louis Van Gaal<\/strong>, declar\u00f3 que el guardameta espa\u00f1ol,\u00a0<strong>David de Gea,\u00a0<\/strong>ser\u00e1 titular en el duelo ante el conjunto <em>cul\u00e9<\/em>.<\/p>\n<p>Y no solo eso, el estratega holand\u00e9s tambi\u00e9n dej\u00f3 en claro que el arquero David De Gea\u00a0estar\u00e1 listo para comenzar la temporada 2015-16 de la <strong>Premier League<\/strong>.<\/p>\n<p>Las versiones que circulan a trav\u00e9s de diversos medios internacionales donde se vinculan a David De Gea con el Real Madrid son constantes, a pesar de ello, Van Gaal se mantiene firme en el discurso y recalca que el cancerbero ser\u00e1 titular en la primera jornada de la liga inglesa cuando enfrenten al Tottenham Hotspur el pr\u00f3ximo 8 de agosto.<\/p>\n<p>&#8220;Creo que David estar\u00e1 disponible para comenzar la temporada contra los <em>Spurs<\/em>\u00a0porque va a jugar contra el Barcelona el s\u00e1bado&#8221;, declar\u00f3 el t\u00e9cnico.<\/p>\n<p>Van Gaal agreg\u00f3 que est\u00e1 consciente del inter\u00e9s que tienen diversas escuadras por sus jugadores, no obstante, indic\u00f3\u00a0que no todo lo que se informa es cierto y es mejor no hablar de esos temas.<\/p>\n<p>&#8220;Leo muchas cosas sobre el inter\u00e9s por jugadores, pero no todo lo que se dice es cierto. El silencio es bueno por el bien de todos, de los interesados y del United. Hay veces que me gustar\u00eda hablar, pero no puedo en este momento&#8221;, concluy\u00f3.<\/p>\n","protected":false},"excerpt":{"rendered":"<p>El cancerbero ser\u00e1 titular en la primera jornada de la liga inglesa cuando enfrenten al Tottenham<\/p>\n","protected":false},"author":20,"featured_media":295920,"comment_status":"open","ping_status":"open","sticky":false,"template":"","format":"standard","meta":[],"categories":[3839,3844,3846],"tags":[6072,43],"_links":{"self":[{"href":"http:\/\/desarrollo.grupomedios.com\/futbol\/wp-json\/wp\/v2\/posts\/295893"}],"collection":[{"href":"http:\/\/desarrollo.grupomedios.com\/futbol\/wp-json\/wp\/v2\/posts"}],"about":[{"href":"http:\/\/desarrollo.grupomedios.com\/futbol\/wp-json\/wp\/v2\/types\/post"}],"author":[{"embeddable":true,"href":"http:\/\/desarrollo.grupomedios.com\/futbol\/wp-json\/wp\/v2\/users\/20"}],"replies":[{"embeddable":true,"href":"http:\/\/desarrollo.grupomedios.com\/futbol\/wp-json\/wp\/v2\/comments?post=295893"}],"version-history":[{"count":0,"href":"http:\/\/desarrollo.grupomedios.com\/futbol\/wp-json\/wp\/v2\/posts\/295893\/revisions"}],"wp:featuredmedia":[{"embeddable":true,"href":"http:\/\/desarrollo.grupomedios.com\/futbol\/wp-json\/wp\/v2\/media\/295920"}],"wp:attachment":[{"href":"http:\/\/desarrollo.grupomedios.com\/futbol\/wp-json\/wp\/v2\/media?parent=295893"}],"wp:term":[{"taxonomy":"category","embeddable":true,"href":"http:\/\/desarrollo.grupomedios.com\/futbol\/wp-json\/wp\/v2\/categories?post=295893"},{"taxonomy":"post_tag","embeddable":true,"href":"http:\/\/desarrollo.grupomedios.com\/futbol\/wp-json\/wp\/v2\/tags?post=295893"}],"curies":[{"name":"wp","href":"https:\/\/api.w.org\/{rel}","templated":true}]}}