{"id":295985,"date":"2015-07-24T18:25:51","date_gmt":"2015-07-24T23:25:51","guid":{"rendered":"http:\/\/futboltotal.com.mx\/?p=295985"},"modified":"2015-07-24T18:25:51","modified_gmt":"2015-07-24T23:25:51","slug":"uno-o-dos-juegos-de-veto-al-atlas","status":"publish","type":"post","link":"http:\/\/desarrollo.grupomedios.com\/futbol\/futbol-mexicano\/uno-o-dos-juegos-de-veto-al-atlas\/2015\/07","title":{"rendered":"\u00bfUno o dos juegos de veto al Atlas?"},"content":{"rendered":"<p>Este viernes, previo al arranque del <b>Apertura 2015<\/b>, la <b>Liga MX<\/b> dio conocer que los <i>rojinegros<\/i> del <b>Atlas<\/b> cuentan con un partido de veto de estadio, por lo que disputar\u00e1 su pr\u00f3ximo compromiso en el <strong>estadio Jalisco<\/strong> a puerta cerrada.<\/p>\n<p>En un comunicado publicado en su p\u00e1gina web, el m\u00e1ximo organismo de la liga <i>azteca<\/i> record\u00f3 que la Comisi\u00f3n Disciplinaria tom\u00f3 esta resoluci\u00f3n tras la investigaci\u00f3n sobre los incidentes que se presentaron en el partido que <b>Atlas<\/b> disput\u00f3 ante <b>Guadalajara<\/b> el domingo 17 de mayo, correspondiente a los Cuartos de Final del <b>Clausura 2015<\/b>.<\/p>\n<p><a href=\"http:\/\/futboltotal.com.mx\/wp-content\/uploads\/2015\/07\/liga_mx_veto_atlas.jpg\"><img decoding=\"async\" loading=\"lazy\" class=\"aligncenter size-full wp-image-295986\" src=\"http:\/\/futboltotal.com.mx\/wp-content\/uploads\/2015\/07\/liga_mx_veto_atlas.jpg\" alt=\"liga_mx_veto_atlas\" srcset=\"http:\/\/desarrollo.grupomedios.com\/futbol\/wp-content\/uploads\/2015\/07\/liga_mx_veto_atlas.jpg 600w, http:\/\/desarrollo.grupomedios.com\/futbol\/wp-content\/uploads\/2015\/07\/liga_mx_veto_atlas-300x90.jpg 300w\" sizes=\"(max-width: 600px) 100vw, 600px\" \/><\/a><\/p>\n<p>Sin embargo, cabe apuntar que el pasado 19 de mayo, <a href=\"http:\/\/futboltotal.com.mx\/2015\/05\/vetan-dos-partidos-al-estadio-jalisco\/\">la Comisi\u00f3n Disciplinaria anunci\u00f3 un veto de <b>dos partidos al estadio Jalisco<\/b><\/a> e impuso una sanci\u00f3n econ\u00f3mica al <b>Atlas<\/b>, por los actos de violencia que protagoniz\u00f3 la afici\u00f3n <i>rojinegra<\/i> -en concret\u00f3 miembros de la Barra 51- durante el \u00faltimo partido contra las Chivas.<\/p>\n<p>\u00bfUno o dos juegos de veto? Los <em>rojinegros<\/em> del <b>Atlas\u00a0<\/b>reciben este s\u00e1bado (<a href=\"http:\/\/futboltotal.com.mx\/2015\/06\/atlas-cambia-horario-de-sus-partidos-de-local\/\">en su nuevo horario de las 20:30 horas<\/a>) a los <em>Gallos Blancos<\/em> del Quer\u00e9taro. Y de entrada, el primer duelo del Apertura 2015\u00a0de\u00a0los <em>Zorros<\/em>\u00a0en el <strong>estadio Jalisco<\/strong> ser\u00e1 sin public\u00f3, mientras que habr\u00e1 que esperar si el segundo\u00a0encuentro de los tapat\u00edos en casa, contra Monterrey en la jornada 3, ser\u00e1 o no a puerta cerrada.<\/p>\n","protected":false},"excerpt":{"rendered":"<p>La Liga MX dio conocer que los rojinegros cuentan con un partido de sanci\u00f3n, pero&#8230;<\/p>\n","protected":false},"author":20,"featured_media":295994,"comment_status":"open","ping_status":"open","sticky":false,"template":"","format":"standard","meta":[],"categories":[2198,3845],"tags":[5961,64,3107],"_links":{"self":[{"href":"http:\/\/desarrollo.grupomedios.com\/futbol\/wp-json\/wp\/v2\/posts\/295985"}],"collection":[{"href":"http:\/\/desarrollo.grupomedios.com\/futbol\/wp-json\/wp\/v2\/posts"}],"about":[{"href":"http:\/\/desarrollo.grupomedios.com\/futbol\/wp-json\/wp\/v2\/types\/post"}],"author":[{"embeddable":true,"href":"http:\/\/desarrollo.grupomedios.com\/futbol\/wp-json\/wp\/v2\/users\/20"}],"replies":[{"embeddable":true,"href":"http:\/\/desarrollo.grupomedios.com\/futbol\/wp-json\/wp\/v2\/comments?post=295985"}],"version-history":[{"count":0,"href":"http:\/\/desarrollo.grupomedios.com\/futbol\/wp-json\/wp\/v2\/posts\/295985\/revisions"}],"wp:featuredmedia":[{"embeddable":true,"href":"http:\/\/desarrollo.grupomedios.com\/futbol\/wp-json\/wp\/v2\/media\/295994"}],"wp:attachment":[{"href":"http:\/\/desarrollo.grupomedios.com\/futbol\/wp-json\/wp\/v2\/media?parent=295985"}],"wp:term":[{"taxonomy":"category","embeddable":true,"href":"http:\/\/desarrollo.grupomedios.com\/futbol\/wp-json\/wp\/v2\/categories?post=295985"},{"taxonomy":"post_tag","embeddable":true,"href":"http:\/\/desarrollo.grupomedios.com\/futbol\/wp-json\/wp\/v2\/tags?post=295985"}],"curies":[{"name":"wp","href":"https:\/\/api.w.org\/{rel}","templated":true}]}}