{"id":296064,"date":"2015-07-25T09:40:19","date_gmt":"2015-07-25T14:40:19","guid":{"rendered":"http:\/\/futboltotal.com.mx\/?p=296064"},"modified":"2015-07-25T11:40:52","modified_gmt":"2015-07-25T16:40:52","slug":"el-trabajo-maestro-de-mourinho-para-el-fichaje-de-falcao","status":"publish","type":"post","link":"http:\/\/desarrollo.grupomedios.com\/futbol\/destacado-home\/el-trabajo-maestro-de-mourinho-para-el-fichaje-de-falcao\/2015\/07","title":{"rendered":"Trabajo maestro de Mourinho en el fichaje de Falcao"},"content":{"rendered":"<p>El futuro para <strong>Radamel Falcao<\/strong> pinta promisorio. Una oportunidad m\u00e1s tendr\u00e1 para demostrar su talento en la Premier League y nada mejor para hacerlo que con el campe\u00f3n de la liga. El delantero colombiano asegur\u00f3 el s\u00e1bado que quiere &#8220;ser importante y triunfar&#8221; en el Chelsea, conjunto al que se uni\u00f3 esta temporada en calidad de cedido procedente del M\u00f3naco.<\/p>\n<p>&#8220;Estoy con mucha motivaci\u00f3n. Tengo el desaf\u00edo de jugar en la Premier League y estoy disfrutando mucho esta experiencia. <strong>Quiero triunfar en el Chelsea, ser importante en el equipo y ganar la liga<\/strong>&#8220;, indic\u00f3 Falcao Garc\u00eda, en una entrevista que publica este s\u00e1bado la web del club ingl\u00e9s.<\/p>\n<p>En los <em>Blues<\/em>, Radamel Falcao compartir\u00e1 vestuario con su compatriota y compa\u00f1ero de selecci\u00f3n Juan Guillermo Cuadrado, quien fich\u00f3 por el equipo la pasada temporada desde la Fiorentina.<\/p>\n<p>&#8220;Juan es un futbolista con much\u00edsima calidad, solo necesita un poco de tiempo para seguir creciendo en este equipo y ser importante, como cuando jugaba en Italia. Es r\u00e1pido y t\u00e9cnico y creo que esta ser\u00e1 una gran temporada para \u00e9l&#8221;, se\u00f1al\u00f3 <em>El Tigre<\/em>. &#8220;Habl\u00e9 con Juan antes de fichar por el Chelsea, aunque desde era desde hac\u00eda muchos a\u00f1os que quer\u00eda llegar a este club. Se habl\u00f3 mucho de mi posible llegada, pero no fue posible hasta este a\u00f1o&#8221;, explic\u00f3 el goleador hist\u00f3rico de la selecci\u00f3n <em>cafetalera<\/em>.<\/p>\n<p>&#8220;En Colombia, el Chelsea tiene muchos aficionados. Ahora, con Juan Guillermo Cuadrado y conmigo, 45 millones ver\u00e1n cada partido. Es un equipo muy popular, no solo en Colombia sino en todo el continente&#8221;, se\u00f1al\u00f3 Falcao.<\/p>\n<p>Una vez m\u00e1s, Radamel competir\u00e1 por un puesto en el equipo con Diego Costa, con quien ya coincidi\u00f3 en las filas del Atl\u00e9tico de Madrid, por aquellas \u00e9pocas, conformando una dupla de miedo.<\/p>\n<p>&#8220;\u00a1Est\u00e1 loco! Lo conozco desde que jugamos en el Atl\u00e9tico. Vivimos grandes momentos juntos, es una gran persona. Estamos acostumbrados a jugar juntos, y en la temporada 2012\/2013 marcamos muchos goles. Somos dos tipos de delantero diferentes, pero nos compenetramos&#8221;, acot\u00f3. Por \u00faltimo, Falcao habl\u00f3 sobre la importancia que Jose Mourinho tuvo en su traspaso, realizando un trabajo maestro en su convencimiento.<\/p>\n<p><strong>&#8220;Me escribi\u00f3 algunos mensajes dici\u00e9ndome que me apoya y que tiene mucha confianza en m\u00ed.<\/strong> Le estoy muy agradecido y quiero dar el cien por \u00e9l y por el club&#8221;, asegur\u00f3 Falcao.<\/p>\n<p><iframe loading=\"lazy\" src=\"https:\/\/www.youtube.com\/embed\/5m4daIRlw4s\" frameborder=\"0\" allowfullscreen=\"allowfullscreen\"><\/iframe><\/p>\n","protected":false},"excerpt":{"rendered":"<p>Radamel compartir\u00e1 vestuario con Cuadrado y Costa, dos grandes amigos del futbol <\/p>\n","protected":false},"author":20,"featured_media":296066,"comment_status":"open","ping_status":"open","sticky":false,"template":"","format":"standard","meta":[],"categories":[5,3846],"tags":[5981,4902,288],"_links":{"self":[{"href":"http:\/\/desarrollo.grupomedios.com\/futbol\/wp-json\/wp\/v2\/posts\/296064"}],"collection":[{"href":"http:\/\/desarrollo.grupomedios.com\/futbol\/wp-json\/wp\/v2\/posts"}],"about":[{"href":"http:\/\/desarrollo.grupomedios.com\/futbol\/wp-json\/wp\/v2\/types\/post"}],"author":[{"embeddable":true,"href":"http:\/\/desarrollo.grupomedios.com\/futbol\/wp-json\/wp\/v2\/users\/20"}],"replies":[{"embeddable":true,"href":"http:\/\/desarrollo.grupomedios.com\/futbol\/wp-json\/wp\/v2\/comments?post=296064"}],"version-history":[{"count":0,"href":"http:\/\/desarrollo.grupomedios.com\/futbol\/wp-json\/wp\/v2\/posts\/296064\/revisions"}],"wp:featuredmedia":[{"embeddable":true,"href":"http:\/\/desarrollo.grupomedios.com\/futbol\/wp-json\/wp\/v2\/media\/296066"}],"wp:attachment":[{"href":"http:\/\/desarrollo.grupomedios.com\/futbol\/wp-json\/wp\/v2\/media?parent=296064"}],"wp:term":[{"taxonomy":"category","embeddable":true,"href":"http:\/\/desarrollo.grupomedios.com\/futbol\/wp-json\/wp\/v2\/categories?post=296064"},{"taxonomy":"post_tag","embeddable":true,"href":"http:\/\/desarrollo.grupomedios.com\/futbol\/wp-json\/wp\/v2\/tags?post=296064"}],"curies":[{"name":"wp","href":"https:\/\/api.w.org\/{rel}","templated":true}]}}