{"id":296075,"date":"2015-07-25T10:58:33","date_gmt":"2015-07-25T15:58:33","guid":{"rendered":"http:\/\/futboltotal.com.mx\/?p=296075"},"modified":"2015-07-27T10:55:31","modified_gmt":"2015-07-27T15:55:31","slug":"el-adios-anticipado-para-raul-jimenez-del-atletico","status":"publish","type":"post","link":"http:\/\/desarrollo.grupomedios.com\/futbol\/destacado-home\/el-adios-anticipado-para-raul-jimenez-del-atletico\/2015\/07","title":{"rendered":"El adi\u00f3s anticipado para Ra\u00fal Jim\u00e9nez del Atl\u00e9tico"},"content":{"rendered":"<p>Para <strong>Ra\u00fal Jim\u00e9nez<\/strong> se sab\u00eda que la primera temporada en Espa\u00f1a ser\u00eda de adaptaci\u00f3n. Complicada y con pocos minutos. As\u00ed fue, sin embargo, el delantero mexicano nunca baj\u00f3 los brazos pese a las pocas oportunidades. La segunda campa\u00f1a con el <strong>Atl\u00e9tico de Madrid<\/strong> parece ser tendr\u00e1 que esperar, pues los rumores de cesi\u00f3n son muchos y existe una situaci\u00f3n m\u00e1s que parece ser el adi\u00f3s anticipado: el n\u00famero 11 fue cedido al fichaje bomba de los <em>colchoneros<\/em>, <strong>Jackson Mart\u00ednez<\/strong>.<\/p>\n<blockquote class=\"twitter-tweet\" lang=\"es\">\n<p dir=\"ltr\" lang=\"es\">Ma\u00f1ana a las 20h, <a href=\"https:\/\/twitter.com\/J_MOfficial\">@J_MOfficial<\/a> recibir\u00e1 su nueva camiseta con el 11 a la espalda en el Calder\u00f3n. <a href=\"https:\/\/twitter.com\/hashtag\/BienvenidoJackson?src=hash\">#BienvenidoJackson<\/a> <a href=\"http:\/\/t.co\/zLDQgPo7M6\">pic.twitter.com\/zLDQgPo7M6<\/a><\/p>\n<p>\u2014 Atl\u00e9tico de Madrid (@Atleti) <a href=\"https:\/\/twitter.com\/Atleti\/status\/624957358343589888\">julio 25, 2015<\/a><\/p><\/blockquote>\n<p><script src=\"\/\/platform.twitter.com\/widgets.js\" async=\"\" charset=\"utf-8\"><\/script><\/p>\n<p>El <em>Atleti<\/em> se reforz\u00f3 de gran manera al ataque. Ante la salida de Mandzukic consigui\u00f3 a Vietto y Mart\u00ednez, que se sumaron a la alternativa en la ofensiva a Torres y Griezmann, adem\u00e1s de la recuperaci\u00f3n tras su suplicio m\u00e9dico de un protegido para el futuro del <em>Cholo<\/em> Simeone:\u00a0\u00c1ngel Correa.<\/p>\n<p>Esa competencia para <strong>Ra\u00fal Jim\u00e9nez<\/strong> es demasiada sumado a que cuenta con cuatro futbolistas extracomunitarios y solo hay sitio para 3. El Atl\u00e9tico de Madrid ya dej\u00f3 muy en claro que no busca desprenderse del mexicano de manera total, por lo que la prioridad para el conjunto rojiblanco es solo una cesi\u00f3n, contando con las opciones m\u00e1s inminentes Rayo Vallecano y Granada. En cuanto a una venta (algo que no se busca), las alternativas est\u00e1n en Portugal, siendo los poderosos <a href=\"http:\/\/futboltotal.com.mx\/2015\/07\/benfica-y-porto-en-batalla-por-raul-jimenez\/\">Benfica y Porto los que batallan por sus servicios<\/a>.<\/p>\n<p><a href=\"http:\/\/futboltotal.com.mx\/wp-content\/uploads\/2015\/07\/Raul-jimenez.jpg\"><img decoding=\"async\" loading=\"lazy\" class=\"alignnone size-full wp-image-295115\" src=\"http:\/\/futboltotal.com.mx\/wp-content\/uploads\/2015\/07\/Raul-jimenez.jpg\" alt=\"Raul-jimenez\" srcset=\"http:\/\/desarrollo.grupomedios.com\/futbol\/wp-content\/uploads\/2015\/07\/Raul-jimenez.jpg 820w, http:\/\/desarrollo.grupomedios.com\/futbol\/wp-content\/uploads\/2015\/07\/Raul-jimenez-300x201.jpg 300w\" sizes=\"(max-width: 820px) 100vw, 820px\" \/><\/a><\/p>\n<p>Por lo pronto, la camiseta n\u00famero 11 ya no ser\u00e1 de Ra\u00fal Jim\u00e9nez y Jackson Mart\u00ednez ocupar\u00e1 ese dorsal desde el domingo, en una presentaci\u00f3n que se perfila para ser memorable en el estadio Vicente Calder\u00f3n.<\/p>\n","protected":false},"excerpt":{"rendered":"<p>El conjunto rojiblanco cedi\u00f3 el n\u00famero 11 para Jackson Mart\u00ednez <\/p>\n","protected":false},"author":20,"featured_media":296078,"comment_status":"open","ping_status":"open","sticky":false,"template":"","format":"standard","meta":[],"categories":[5],"tags":[6007,6039,742],"_links":{"self":[{"href":"http:\/\/desarrollo.grupomedios.com\/futbol\/wp-json\/wp\/v2\/posts\/296075"}],"collection":[{"href":"http:\/\/desarrollo.grupomedios.com\/futbol\/wp-json\/wp\/v2\/posts"}],"about":[{"href":"http:\/\/desarrollo.grupomedios.com\/futbol\/wp-json\/wp\/v2\/types\/post"}],"author":[{"embeddable":true,"href":"http:\/\/desarrollo.grupomedios.com\/futbol\/wp-json\/wp\/v2\/users\/20"}],"replies":[{"embeddable":true,"href":"http:\/\/desarrollo.grupomedios.com\/futbol\/wp-json\/wp\/v2\/comments?post=296075"}],"version-history":[{"count":0,"href":"http:\/\/desarrollo.grupomedios.com\/futbol\/wp-json\/wp\/v2\/posts\/296075\/revisions"}],"wp:featuredmedia":[{"embeddable":true,"href":"http:\/\/desarrollo.grupomedios.com\/futbol\/wp-json\/wp\/v2\/media\/296078"}],"wp:attachment":[{"href":"http:\/\/desarrollo.grupomedios.com\/futbol\/wp-json\/wp\/v2\/media?parent=296075"}],"wp:term":[{"taxonomy":"category","embeddable":true,"href":"http:\/\/desarrollo.grupomedios.com\/futbol\/wp-json\/wp\/v2\/categories?post=296075"},{"taxonomy":"post_tag","embeddable":true,"href":"http:\/\/desarrollo.grupomedios.com\/futbol\/wp-json\/wp\/v2\/tags?post=296075"}],"curies":[{"name":"wp","href":"https:\/\/api.w.org\/{rel}","templated":true}]}}