{"id":296344,"date":"2015-07-25T21:21:48","date_gmt":"2015-07-26T02:21:48","guid":{"rendered":"http:\/\/futboltotal.com.mx\/?p=296344"},"modified":"2015-07-25T21:21:48","modified_gmt":"2015-07-26T02:21:48","slug":"alemao-asume-reto-en-figueirense","status":"publish","type":"post","link":"http:\/\/desarrollo.grupomedios.com\/futbol\/futbol-mexicano\/alemao-asume-reto-en-figueirense\/2015\/07","title":{"rendered":"Alemao asume reto en Figueirense"},"content":{"rendered":"<p>Despu\u00e9s que en <strong><a href=\"http:\/\/futboltotal.com.mx\/equipos\/cruz-azul\/\">Cruz Azul<\/a> <\/strong>le cerraron las puertas, el delantero <strong>Alemao<\/strong>, regres\u00f3 a Brasil para firmar contrato con el <strong>Figueirense<\/strong>, ah\u00ed el futbolista fiel a su estilo prometi\u00f3 defender con \u201cu\u00f1as y dientes\u201d la camiseta del club.<\/p>\n<p>\u201cEs una oportunidad que me est\u00e1 dando <strong>Figueirense<\/strong> y voy a tratar de defender\u00a0con u\u00f1as y dientes la playera. Voy a hacer mi mejor esfuerzo, me comprometo. Estoy seguro de mi potencial, que puede ayudar al equipo\u201d, coment\u00f3<strong> Jos\u00e9 Carlos Toffolo<\/strong> a <em>Radio Guaruj\u00e1<\/em>.<\/p>\n<p><strong>Alemao<\/strong> solo disput\u00f3 el Clausura 2015 con la <em>M\u00e1quina<\/em>, en dicho torneo marc\u00f3 tres goles, que no fueron suficientes para convencer a la directiva que lo puso transferible a pesar de la negativa de la afici\u00f3n que sent\u00eda cari\u00f1o por el jugador.<\/p>\n<p>\u201cEste a\u00f1o fue muy bueno para m\u00ed en<strong> Cruz Azu<\/strong>l. Fueron mis mejores momentos en el futbol. Fue una experiencia de aprendizaje enorme. Me las arregl\u00e9 para jugar bien al futbol, \u200b\u200bsiendo titular en casi todos los juegos. Ahora estoy de vuelta en Brasil para una nueva oportunidad.Todo el mundo quer\u00eda que me quedara (en la Noria). Esa era mi intenci\u00f3n, pero el futbol tiene mucho detr\u00e1s. Pero yo hice mi parte y en lo personal era feliz\u201d, concluy\u00f3.<\/p>\n","protected":false},"excerpt":{"rendered":"<p>&#8220;En Cruz Azul viv\u00ed mis mejores momentos&#8221;, confes\u00f3 el delantero brasile\u00f1o<\/p>\n","protected":false},"author":20,"featured_media":296347,"comment_status":"open","ping_status":"open","sticky":false,"template":"","format":"standard","meta":[],"categories":[2198,3845],"tags":[5433,5962],"_links":{"self":[{"href":"http:\/\/desarrollo.grupomedios.com\/futbol\/wp-json\/wp\/v2\/posts\/296344"}],"collection":[{"href":"http:\/\/desarrollo.grupomedios.com\/futbol\/wp-json\/wp\/v2\/posts"}],"about":[{"href":"http:\/\/desarrollo.grupomedios.com\/futbol\/wp-json\/wp\/v2\/types\/post"}],"author":[{"embeddable":true,"href":"http:\/\/desarrollo.grupomedios.com\/futbol\/wp-json\/wp\/v2\/users\/20"}],"replies":[{"embeddable":true,"href":"http:\/\/desarrollo.grupomedios.com\/futbol\/wp-json\/wp\/v2\/comments?post=296344"}],"version-history":[{"count":0,"href":"http:\/\/desarrollo.grupomedios.com\/futbol\/wp-json\/wp\/v2\/posts\/296344\/revisions"}],"wp:featuredmedia":[{"embeddable":true,"href":"http:\/\/desarrollo.grupomedios.com\/futbol\/wp-json\/wp\/v2\/media\/296347"}],"wp:attachment":[{"href":"http:\/\/desarrollo.grupomedios.com\/futbol\/wp-json\/wp\/v2\/media?parent=296344"}],"wp:term":[{"taxonomy":"category","embeddable":true,"href":"http:\/\/desarrollo.grupomedios.com\/futbol\/wp-json\/wp\/v2\/categories?post=296344"},{"taxonomy":"post_tag","embeddable":true,"href":"http:\/\/desarrollo.grupomedios.com\/futbol\/wp-json\/wp\/v2\/tags?post=296344"}],"curies":[{"name":"wp","href":"https:\/\/api.w.org\/{rel}","templated":true}]}}