{"id":296535,"date":"2015-07-26T15:39:58","date_gmt":"2015-07-26T20:39:58","guid":{"rendered":"http:\/\/futboltotal.com.mx\/?p=296535"},"modified":"2015-07-26T15:43:06","modified_gmt":"2015-07-26T20:43:06","slug":"jackson-martinez-provoca-locura-con-atletico-de-madrid","status":"publish","type":"post","link":"http:\/\/desarrollo.grupomedios.com\/futbol\/futbol-internacional\/liga-de-espana\/jackson-martinez-provoca-locura-con-atletico-de-madrid\/2015\/07","title":{"rendered":"Jackson Mart\u00ednez provoca locura en el Calder\u00f3n"},"content":{"rendered":"<p><strong>Jackson Mart\u00ednez <\/strong>fue presentado oficialmente como nuevo jugador del Atl\u00e9tico de Madrid, provocando la locura de m\u00e1s de 10 mil fan\u00e1ticos que se dieron cita en el Vicente Calder\u00f3n. Previo al paseo por el inmueble de Manzanares, el colombiano dio cuenta de sus objetivos y de la emoci\u00f3n que le representa este nuevo reto en su carrera.<\/p>\n<blockquote class=\"twitter-tweet\" lang=\"es\">\n<p dir=\"ltr\" lang=\"es\">.<a href=\"https:\/\/twitter.com\/J_MOfficial\">@J_MOfficial<\/a> pis\u00f3 por primera vez el c\u00e9sped del Atl\u00e9tico. \u00a1Bienvenido a tu nueva casa! <a href=\"https:\/\/twitter.com\/hashtag\/BienvenidoJackson?src=hash\">#BienvenidoJackson<\/a> <a href=\"http:\/\/t.co\/L2kJNw10mT\">pic.twitter.com\/L2kJNw10mT<\/a><\/p>\n<p>\u2014 Atl\u00e9tico de Madrid (@Atleti) <a href=\"https:\/\/twitter.com\/Atleti\/status\/625387826012663808\">julio 26, 2015<\/a><\/p><\/blockquote>\n<p><script src=\"\/\/platform.twitter.com\/widgets.js\" async=\"\" charset=\"utf-8\"><\/script>Jackson llega a Espa\u00f1a con muchas ilusiones de refrendar su exitoso paso por el balompi\u00e9 europeo, pues con el Porto cumpli\u00f3 de manera excelsa las expectativas y metas con las que se catalog\u00f3 a su llegada. En el Atl\u00e9tico busca repetir la haza\u00f1a y conseguir grandes logros.<\/p>\n<p>&#8220;Quiero dar las gracias al presidente. Llego a un equipo comprometido, un equipo que tiene hambre y a un equipo que exige demasiado. El Atl\u00e9tico ha venido haciendo un excelente trabajo y estoy aqu\u00ed para aportar. Contento de poder estar aqu\u00ed. <strong>He venido para jugar en equipo y tratar de dar el m\u00e1ximo para el beneficio del club<\/strong>&#8220;, acot\u00f3 Jackson.<\/p>\n<p>Tambi\u00e9n habl\u00f3 sobre sus compa\u00f1eros en la ofensiva del Atl\u00e9tico de Madrid, la cual se percibe como un arsenal de miedo. &#8220;Torres, Vietto o Griezmann son jugadores espectaculares. No s\u00f3lo en clubes, sino en sus selecciones. Vienen creciendo los j\u00f3venes como Vietto y quieren sumar igual que yo independientemente de quien juegue hacer cosas importantes&#8221;.<\/p>\n<p>La prensa lo cuestion\u00f3 sobre si existe m\u00e1s presi\u00f3n por ser el segundo fichaje m\u00e1s caro de la historia del club, a lo que Jackson respondi\u00f3 con tranquilidad y convencido de su papel.<\/p>\n<p>&#8220;La \u00fanica presi\u00f3n que yo tengo es la de dar el 100% en cada entrenamiento y en cada partido. No hay presi\u00f3n por el precio. El esfuerzo del club hay un mutuo acuerdo&#8221;, indic\u00f3. Adem\u00e1s resalt\u00f3 que el objetivo es el t\u00edtulo y lo luchar\u00e1n por todas las v\u00edas posibles. &#8220;<strong>El Atl\u00e9tico tiene un buen equipo para pelear en la cancha y conseguir los objetivos. Sin duda tiene el plantel para pelear por la Liga<\/strong>&#8220;, finaliz\u00f3 Jackson Mart\u00ednez.<\/p>\n<blockquote class=\"twitter-tweet\" lang=\"es\"><p>\nLa sonrisa de <a href=\"https:\/\/twitter.com\/J_MOfficial\">@J_MOfficial<\/a> en su nueva casa <a href=\"https:\/\/twitter.com\/hashtag\/BienvenidoJackson?src=hash\">#BienvenidoJackson<\/a> <a href=\"http:\/\/t.co\/bTuWujZanY\">pic.twitter.com\/bTuWujZanY<\/a> \u2014 Atl\u00e9tico de Madrid (@Atleti) <a href=\"https:\/\/twitter.com\/Atleti\/status\/625398256810487808\">julio 26, 2015<\/a>\n<\/p><\/blockquote>\n<p><script src=\"\/\/platform.twitter.com\/widgets.js\" async=\"\" charset=\"utf-8\"><\/script><\/p>\n","protected":false},"excerpt":{"rendered":"<p>M\u00e1s de 10 mil fan\u00e1ticos se dieron cita en el inmueble de Manzanares para la calurosa bienvenida<\/p>\n","protected":false},"author":20,"featured_media":296537,"comment_status":"open","ping_status":"open","sticky":false,"template":"","format":"standard","meta":[],"categories":[3844],"tags":[6007,6039],"_links":{"self":[{"href":"http:\/\/desarrollo.grupomedios.com\/futbol\/wp-json\/wp\/v2\/posts\/296535"}],"collection":[{"href":"http:\/\/desarrollo.grupomedios.com\/futbol\/wp-json\/wp\/v2\/posts"}],"about":[{"href":"http:\/\/desarrollo.grupomedios.com\/futbol\/wp-json\/wp\/v2\/types\/post"}],"author":[{"embeddable":true,"href":"http:\/\/desarrollo.grupomedios.com\/futbol\/wp-json\/wp\/v2\/users\/20"}],"replies":[{"embeddable":true,"href":"http:\/\/desarrollo.grupomedios.com\/futbol\/wp-json\/wp\/v2\/comments?post=296535"}],"version-history":[{"count":0,"href":"http:\/\/desarrollo.grupomedios.com\/futbol\/wp-json\/wp\/v2\/posts\/296535\/revisions"}],"wp:featuredmedia":[{"embeddable":true,"href":"http:\/\/desarrollo.grupomedios.com\/futbol\/wp-json\/wp\/v2\/media\/296537"}],"wp:attachment":[{"href":"http:\/\/desarrollo.grupomedios.com\/futbol\/wp-json\/wp\/v2\/media?parent=296535"}],"wp:term":[{"taxonomy":"category","embeddable":true,"href":"http:\/\/desarrollo.grupomedios.com\/futbol\/wp-json\/wp\/v2\/categories?post=296535"},{"taxonomy":"post_tag","embeddable":true,"href":"http:\/\/desarrollo.grupomedios.com\/futbol\/wp-json\/wp\/v2\/tags?post=296535"}],"curies":[{"name":"wp","href":"https:\/\/api.w.org\/{rel}","templated":true}]}}