{"id":296550,"date":"2015-07-26T16:11:34","date_gmt":"2015-07-26T21:11:34","guid":{"rendered":"http:\/\/futboltotal.com.mx\/?p=296550"},"modified":"2015-07-27T14:56:34","modified_gmt":"2015-07-27T19:56:34","slug":"pepe-quiere-que-ramos-siga-en-el-real-madrid","status":"publish","type":"post","link":"http:\/\/desarrollo.grupomedios.com\/futbol\/futbol-internacional\/pepe-quiere-que-ramos-siga-en-el-real-madrid\/2015\/07","title":{"rendered":"El gui\u00f1o que Pepe hizo a Sergio Ramos"},"content":{"rendered":"<p>El futbolista del Real Madrid<strong>, Pepe<\/strong>, coment\u00f3 en rueda de prensa que le gustar\u00eda que su compa\u00f1ero en la zaga <em>merengue<\/em>, <strong>Sergio Ramos<\/strong>, siga formando parte del plantel de Rafa Ben\u00edtez.<\/p>\n<p>Tras no contar con el visto bueno de un incremento de salario por parte de la directiva del Real Madrid, Sergio\u00a0Ramos ha buscado cambiar de aires en este mercado de verano, sumado a ello, la relaci\u00f3n que existe entre el futbolista y el presidente de la instituci\u00f3n, Florentino P\u00e9rez, ha provocado que los diversos medios a nivel mundial vean fuera del equipo madrile\u00f1o al jugador de <em>Camas.<\/em><\/p>\n<p>Ante esta situaci\u00f3n, su compa\u00f1ero de vestuario, Pepe, se suma a la lista de los personajes que han mostrado su apoyo moral para que el capit\u00e1n<em> blanco<\/em> tome la mejor opci\u00f3n que le convenga a \u00e9l y al equipo.<\/p>\n<p>&#8220;No pasa por la cabeza de nadie en el madridismo que no est\u00e9 con nosotros, es nuestro capit\u00e1n y estoy seguro de que se va a quedar con nosotros porque \u00e9l quiere mucho al club y el club a \u00e9l&#8221;, afirm\u00f3 el portugu\u00e9s.<\/p>\n<p>Ahond\u00f3 en el tema y dej\u00f3 en claro que no ve al<strong> Real Madrid<\/strong> sin un emblem\u00e1tico jugador, un futbolista que sea el protagonista de lo que significa el club.<\/p>\n<p>&#8220;Espero que Sergio Ramos se quede porque es nuestra referencia en el Real Madrid&#8221;, declar\u00f3 Pepe en\u00a0rueda de prensa previo al enfrentamiento que sostendr\u00e1n ma\u00f1ana ante el Mil\u00e1n.<\/p>\n","protected":false},"excerpt":{"rendered":"<p>&#8220;Espero que Sergio Ramos se quede porque es nuestra referencia en el Real Madrid&#8221;<\/p>\n","protected":false},"author":20,"featured_media":296577,"comment_status":"open","ping_status":"open","sticky":false,"template":"","format":"standard","meta":[],"categories":[3839,3844],"tags":[176,5988,6020],"_links":{"self":[{"href":"http:\/\/desarrollo.grupomedios.com\/futbol\/wp-json\/wp\/v2\/posts\/296550"}],"collection":[{"href":"http:\/\/desarrollo.grupomedios.com\/futbol\/wp-json\/wp\/v2\/posts"}],"about":[{"href":"http:\/\/desarrollo.grupomedios.com\/futbol\/wp-json\/wp\/v2\/types\/post"}],"author":[{"embeddable":true,"href":"http:\/\/desarrollo.grupomedios.com\/futbol\/wp-json\/wp\/v2\/users\/20"}],"replies":[{"embeddable":true,"href":"http:\/\/desarrollo.grupomedios.com\/futbol\/wp-json\/wp\/v2\/comments?post=296550"}],"version-history":[{"count":0,"href":"http:\/\/desarrollo.grupomedios.com\/futbol\/wp-json\/wp\/v2\/posts\/296550\/revisions"}],"wp:featuredmedia":[{"embeddable":true,"href":"http:\/\/desarrollo.grupomedios.com\/futbol\/wp-json\/wp\/v2\/media\/296577"}],"wp:attachment":[{"href":"http:\/\/desarrollo.grupomedios.com\/futbol\/wp-json\/wp\/v2\/media?parent=296550"}],"wp:term":[{"taxonomy":"category","embeddable":true,"href":"http:\/\/desarrollo.grupomedios.com\/futbol\/wp-json\/wp\/v2\/categories?post=296550"},{"taxonomy":"post_tag","embeddable":true,"href":"http:\/\/desarrollo.grupomedios.com\/futbol\/wp-json\/wp\/v2\/tags?post=296550"}],"curies":[{"name":"wp","href":"https:\/\/api.w.org\/{rel}","templated":true}]}}