{"id":296664,"date":"2015-07-26T20:13:10","date_gmt":"2015-07-27T01:13:10","guid":{"rendered":"http:\/\/futboltotal.com.mx\/?p=296664"},"modified":"2015-07-26T20:13:10","modified_gmt":"2015-07-27T01:13:10","slug":"psv-apoya-a-guardado-en-final-de-copa-oro","status":"publish","type":"post","link":"http:\/\/desarrollo.grupomedios.com\/futbol\/videos\/psv-apoya-a-guardado-en-final-de-copa-oro\/2015\/07","title":{"rendered":"PSV apoya a Guardado en final de Copa Oro"},"content":{"rendered":"<p>El PSV Eindhoven public\u00f3 en su cuenta de Twitter, un video en el que apoya a Andr\u00e9s Guardado para la final de la Copa Oro, que el mediocampista disput\u00f3 en el duelo entre M\u00e9xico y Jamaica.<\/p>\n<p>En el video, el PSV recopil\u00f3 los goles hechos por Andr\u00e9s Guardado en el certamen de la Concacaf, y al mismo tiempo, le envi\u00f3 sus mejores deseos al mexicano, para conquistar la Copa Oro con la Selecci\u00f3n Mexicana.<\/p>\n<blockquote class=\"twitter-tweet\" lang=\"es\">\n<p dir=\"ltr\" lang=\"nl\">Andr\u00e9s Guardado speelt vannacht de finale van de Gold Cup. Veel succes <a href=\"https:\/\/twitter.com\/AGuardado18\">@AGuardado18<\/a>, wij steunen jullie! <a href=\"https:\/\/twitter.com\/hashtag\/PSV?src=hash\">#PSV<\/a> <a href=\"https:\/\/t.co\/9xITXTsLkE\">https:\/\/t.co\/9xITXTsLkE<\/a><\/p>\n<p>\u2014 PSV (@PSV) <a href=\"https:\/\/twitter.com\/PSV\/status\/625375978756288513\">julio 26, 2015<\/a><\/p><\/blockquote>\n<p><script src=\"\/\/platform.twitter.com\/widgets.js\" async=\"\" charset=\"utf-8\"><\/script><\/p>\n","protected":false},"excerpt":{"rendered":"<p>El conjunto holand\u00e9s le env\u00eda su apoyo a Andr\u00e9s Guardado<\/p>\n","protected":false},"author":20,"featured_media":296671,"comment_status":"open","ping_status":"open","sticky":false,"template":"","format":"standard","meta":[],"categories":[3839,3847,4],"tags":[6046,142,3224],"_links":{"self":[{"href":"http:\/\/desarrollo.grupomedios.com\/futbol\/wp-json\/wp\/v2\/posts\/296664"}],"collection":[{"href":"http:\/\/desarrollo.grupomedios.com\/futbol\/wp-json\/wp\/v2\/posts"}],"about":[{"href":"http:\/\/desarrollo.grupomedios.com\/futbol\/wp-json\/wp\/v2\/types\/post"}],"author":[{"embeddable":true,"href":"http:\/\/desarrollo.grupomedios.com\/futbol\/wp-json\/wp\/v2\/users\/20"}],"replies":[{"embeddable":true,"href":"http:\/\/desarrollo.grupomedios.com\/futbol\/wp-json\/wp\/v2\/comments?post=296664"}],"version-history":[{"count":0,"href":"http:\/\/desarrollo.grupomedios.com\/futbol\/wp-json\/wp\/v2\/posts\/296664\/revisions"}],"wp:featuredmedia":[{"embeddable":true,"href":"http:\/\/desarrollo.grupomedios.com\/futbol\/wp-json\/wp\/v2\/media\/296671"}],"wp:attachment":[{"href":"http:\/\/desarrollo.grupomedios.com\/futbol\/wp-json\/wp\/v2\/media?parent=296664"}],"wp:term":[{"taxonomy":"category","embeddable":true,"href":"http:\/\/desarrollo.grupomedios.com\/futbol\/wp-json\/wp\/v2\/categories?post=296664"},{"taxonomy":"post_tag","embeddable":true,"href":"http:\/\/desarrollo.grupomedios.com\/futbol\/wp-json\/wp\/v2\/tags?post=296664"}],"curies":[{"name":"wp","href":"https:\/\/api.w.org\/{rel}","templated":true}]}}