{"id":296792,"date":"2015-07-27T10:06:06","date_gmt":"2015-07-27T15:06:06","guid":{"rendered":"http:\/\/futboltotal.com.mx\/?p=296792"},"modified":"2015-07-27T21:51:05","modified_gmt":"2015-07-28T02:51:05","slug":"miguel-herrera-confirma-enfrentamiento-con-martinoli","status":"publish","type":"post","link":"http:\/\/desarrollo.grupomedios.com\/futbol\/futbol-mexicano\/miguel-herrera-confirma-enfrentamiento-con-martinoli\/2015\/07","title":{"rendered":"Herrera confirma enfrentamiento con Martinoli"},"content":{"rendered":"<p><strong>Miguel Herrera<\/strong>, entrenador de la <strong>selecci\u00f3n de M\u00e9xico<\/strong>, <a href=\"http:\/\/futboltotal.com.mx\/2015\/07\/afirman-que-miguel-herrera-golpeo-a-martinoli\/\" target=\"_blank\">fue acusado este lunes de agredir f\u00edsicamente al narrador de televisi\u00f3n<\/a>\u00a0<strong>Christian Martinoli<\/strong>\u00a0mientras ambos estaban en el aeropuerto de Philadelphia.<\/p>\n<p>Luego de la versi\u00f3n publicada por David Medrano, periodista de<em> TV Azteca<\/em>, surgieron otras que se\u00f1alaron a la hija del t\u00e9cnico, <a href=\"http:\/\/futboltotal.com.mx\/2015\/07\/acusan-a-mishelle-herrera-de-agredir-a-luis-garcia\/\" target=\"_blank\"><strong>Mishelle Herrera<\/strong>, de agredir a Luis Garc\u00eda, tambi\u00e9n comentarista de la televisora mexicana<\/a>.<\/p>\n<p>De acuerdo a un reporte del periodista de <em>FOX<\/em>, <strong>Fernando Schwartz<\/strong>, <strong>Miguel Herrera<\/strong> acept\u00f3 un enfrentamiento con <strong>Christian Martinoli<\/strong> en que solo propin\u00f3 un empuj\u00f3n y no lo golpe\u00f3 en el cuello.<\/p>\n<blockquote class=\"twitter-tweet\" lang=\"en\">\n<p dir=\"ltr\" lang=\"es\">La version <a href=\"https:\/\/twitter.com\/MiguelHerreraDT\">@MiguelHerreraDT<\/a> &#8220;Ya se le dije tu tienes el micr\u00f3fono todos los d\u00edas pero con mi familia no vas a joder y te lo voy a cumplir&#8221;<\/p>\n<p>\u2014 FERNANDO SCHWARTZ (@fersch_4) <a href=\"https:\/\/twitter.com\/fersch_4\/status\/625665752863903744\">July 27, 2015<\/a><\/p><\/blockquote>\n<blockquote class=\"twitter-tweet\" lang=\"en\">\n<p dir=\"ltr\" lang=\"es\">Comenta <a href=\"https:\/\/twitter.com\/MiguelHerreraDT\">@MiguelHerreraDT<\/a> que Lo empujo a Raiz de las ofensas a su hija.,q nada tiene q ver con las criticas a su labor en <a href=\"https:\/\/twitter.com\/miseleccionmx\">@miseleccionmx<\/a><\/p>\n<p>\u2014 FERNANDO SCHWARTZ (@fersch_4) <a href=\"https:\/\/twitter.com\/fersch_4\/status\/625666096171872257\">July 27, 2015<\/a><\/p><\/blockquote>\n<p><script src=\"\/\/platform.twitter.com\/widgets.js\" async=\"\" charset=\"utf-8\"><\/script>Tras el fracaso del <em>Tri<\/em> en\u00a0Copa Am\u00e9rica, <strong>Miguel Herrera<\/strong> y <strong>Christian\u00a0Martinoli<\/strong> comenzaron su intercambio de declaraciones desde\u00a0los micr\u00f3fonos y en redes sociales, luego de que el comentarista de <em>Azteca<\/em> calific\u00f3 a al <em>Piojo<\/em>\u00a0como un &#8220;barra brava,&#8221;. El entrenador nacional no se guard\u00f3 nada y contest\u00f3 en Twitter:<\/p>\n<blockquote class=\"twitter-tweet\" data-partner=\"tweetdeck\"><p>\n<a href=\"https:\/\/twitter.com\/martinolimx\">@martinolimx<\/a> no soy eso pero ojal\u00e1 en alg\u00fan lugar te pueda encontrar. Para arreglar las diferencias \u2014 Miguel Herrera (@MiguelHerreraDT) <a href=\"https:\/\/twitter.com\/MiguelHerreraDT\/status\/612459950959276032\">June 21, 2015<\/a>\n<\/p><\/blockquote>\n<p><script src=\"\/\/platform.twitter.com\/widgets.js\" async=\"\" charset=\"utf-8\"><\/script>Estos enfrentamientos directos se suavizaron un poco durante la Copa Oro, misma que <strong>M\u00e9xico<\/strong> gan\u00f3 el domingo por la noche en Philadelphia, pero la tensi\u00f3n lleg\u00f3 a su punto de quiebre en el aeropuerto, donde ambos se encontraron y protagonizaron el altercado.<\/p>\n","protected":false},"excerpt":{"rendered":"<p>El DT del Tri acept\u00f3 que empuj\u00f3 al comentarista por las cr\u00edticas que hizo hacia su hija<\/p>\n","protected":false},"author":20,"featured_media":296801,"comment_status":"open","ping_status":"open","sticky":false,"template":"","format":"standard","meta":[],"categories":[2198,3847],"tags":[5849,255],"_links":{"self":[{"href":"http:\/\/desarrollo.grupomedios.com\/futbol\/wp-json\/wp\/v2\/posts\/296792"}],"collection":[{"href":"http:\/\/desarrollo.grupomedios.com\/futbol\/wp-json\/wp\/v2\/posts"}],"about":[{"href":"http:\/\/desarrollo.grupomedios.com\/futbol\/wp-json\/wp\/v2\/types\/post"}],"author":[{"embeddable":true,"href":"http:\/\/desarrollo.grupomedios.com\/futbol\/wp-json\/wp\/v2\/users\/20"}],"replies":[{"embeddable":true,"href":"http:\/\/desarrollo.grupomedios.com\/futbol\/wp-json\/wp\/v2\/comments?post=296792"}],"version-history":[{"count":0,"href":"http:\/\/desarrollo.grupomedios.com\/futbol\/wp-json\/wp\/v2\/posts\/296792\/revisions"}],"wp:featuredmedia":[{"embeddable":true,"href":"http:\/\/desarrollo.grupomedios.com\/futbol\/wp-json\/wp\/v2\/media\/296801"}],"wp:attachment":[{"href":"http:\/\/desarrollo.grupomedios.com\/futbol\/wp-json\/wp\/v2\/media?parent=296792"}],"wp:term":[{"taxonomy":"category","embeddable":true,"href":"http:\/\/desarrollo.grupomedios.com\/futbol\/wp-json\/wp\/v2\/categories?post=296792"},{"taxonomy":"post_tag","embeddable":true,"href":"http:\/\/desarrollo.grupomedios.com\/futbol\/wp-json\/wp\/v2\/tags?post=296792"}],"curies":[{"name":"wp","href":"https:\/\/api.w.org\/{rel}","templated":true}]}}