{"id":296833,"date":"2015-07-27T13:10:20","date_gmt":"2015-07-27T18:10:20","guid":{"rendered":"http:\/\/futboltotal.com.mx\/?p=296833"},"modified":"2015-07-27T13:11:23","modified_gmt":"2015-07-27T18:11:23","slug":"agresiones-de-futbolistas-y-tecnicos-a-periodistas","status":"publish","type":"post","link":"http:\/\/desarrollo.grupomedios.com\/futbol\/futbol-mexicano\/agresiones-de-futbolistas-y-tecnicos-a-periodistas\/2015\/07","title":{"rendered":"Agresiones de futbolistas o t\u00e9cnicos a periodistas"},"content":{"rendered":"<p>Este lunes,<strong> Miguel Herrera<\/strong>, t\u00e9cnico de la\u00a0<strong>selecci\u00f3n de M\u00e9xico<\/strong>,\u00a0<a href=\"http:\/\/futboltotal.com.mx\/2015\/07\/afirman-que-miguel-herrera-golpeo-a-martinoli\/\">fue acusado de agredir f\u00edsicamente a\u00a0<strong>Christian Martinoli<\/strong><\/a>, comentarista de TV Azteca. Algunas versiones apuntan que el\u00a0<a href=\"http:\/\/futboltotal.com.mx\/2015\/07\/martinoli-senti-el-punetazo-en-el-cuello-de-piojo\/\"><em>Piojo<\/em>\u00a0golpe\u00f3 al narrador<\/a>, mientras que otras informan que\u00a0<a href=\"http:\/\/futboltotal.com.mx\/2015\/07\/miguel-herrera-confirma-enfrentamiento-con-martinoli\/\">solo se presentaron empujones<\/a>\u00a0e intercambio de insultos.<\/p>\n<p>Ante el penoso entorno, recordamos\u00a0<strong>agresiones<\/strong> de futbolistas y t\u00e9cnicos a periodistas.<\/p>\n<p>En 2003, <strong>Cuauht\u00e9moc Blanco<\/strong> golpe\u00f3 a David Faitelson.\u00a0&#8220;Fue desleal&#8221;, reconoci\u00f3 un d\u00eda despu\u00e9s de la agresi\u00f3n el jugador del Am\u00e9rica. Y es que no ten\u00eda otra alternativa. La acci\u00f3n qued\u00f3 grabada.\u00a0Tras\u00a0un conato de bronca en los vestidores del <em>Pirata<\/em>\u00a0Fuente, el <em>Temo<\/em>\u00a0sac\u00f3 su mano por la\u00a0ventana de la caseta y le propin\u00f3 un golpe al periodista de TV Azteca.<\/p>\n<p><iframe loading=\"lazy\" src=\"https:\/\/vine.co\/v\/eg36u97L1QH\/embed\/simple\" frameborder=\"0\"><\/iframe><script src=\"https:\/\/platform.vine.co\/static\/scripts\/embed.js\"><\/script><\/p>\n<p>En 2010, tras ser provocado por el periodista Mart\u00edn Ciccioli, el portero paraguayo <strong>Jos\u00e9 Luis Chilavert<\/strong>, en ese entonces jugador del V\u00e9lez Sarsfield, protagoniz\u00f3 un esc\u00e1ndalo al escupir al comentarista en la cara.<\/p>\n<p><iframe loading=\"lazy\" src=\"https:\/\/www.youtube.com\/embed\/NeqiyWlEwJI\" frameborder=\"0\" allowfullscreen=\"allowfullscreen\"><\/iframe><\/p>\n<p>En 2012, la Comisi\u00f3n Disicplinaria de la Liga de Francia suspendi\u00f3 un a\u00f1o al defensa franc\u00e9s <strong>Cyril Jeunechamp<\/strong>, jugador del Montpellier, por golpear a un periodista del diario <em>L\u2019Equipe<\/em> luego del juego de un partido de la justa <em>gala<\/em>.<\/p>\n<p>El a\u00f1o pasado, tras ser cuestionado sobre aspectos de su vida personal, <strong>Diego Armando Maradona<\/strong> baj\u00f3 del autom\u00f3vil que conduc\u00eda para dar una bofetada a uno de los reporteros. El gesto, como era de esperarse, termin\u00f3 por darle la vuelta al mundo. cabe apuntar que no fue\u00a0la primera vez que el argentino tiene un l\u00edo de esta clase.<\/p>\n<p><iframe loading=\"lazy\" src=\"https:\/\/www.youtube.com\/embed\/fUCdKJlHJJw\" frameborder=\"0\" allowfullscreen=\"allowfullscreen\"><\/iframe><\/p>\n<p>El pasado mes de marzo, se dio a conocer que <strong>Richard Mercado<\/strong>, jugador del Universitario de Sucre, agredi\u00f3 al periodista deportivo Jochen Rojas, quien perdi\u00f3 dos dientes por los golpes del delantero ecuatoriano.\u00a0Todo habr\u00eda comenzado tras una solicitud de entrevista a Mercado, quien\u00a0ante\u00a0la insistencia del periodista reaccion\u00f3 de manera violenta.<\/p>\n<p>Por los hechos, Richard Mercado, del Universitario de Sucre, fue detenido por ocho horas,\u00a0acusado\u00a0por el delito de lesiones graves.<\/p>\n<p><iframe loading=\"lazy\" src=\"https:\/\/www.youtube.com\/embed\/uRL3t6yK4OQ\" frameborder=\"0\" allowfullscreen=\"allowfullscreen\"><\/iframe><\/p>\n","protected":false},"excerpt":{"rendered":"<p>Miguel Herrera fue acusado de agredir f\u00edsicamente a Christian Martinoli<\/p>\n","protected":false},"author":20,"featured_media":296852,"comment_status":"open","ping_status":"open","sticky":false,"template":"","format":"standard","meta":[],"categories":[2198,3847],"tags":[5849,255],"_links":{"self":[{"href":"http:\/\/desarrollo.grupomedios.com\/futbol\/wp-json\/wp\/v2\/posts\/296833"}],"collection":[{"href":"http:\/\/desarrollo.grupomedios.com\/futbol\/wp-json\/wp\/v2\/posts"}],"about":[{"href":"http:\/\/desarrollo.grupomedios.com\/futbol\/wp-json\/wp\/v2\/types\/post"}],"author":[{"embeddable":true,"href":"http:\/\/desarrollo.grupomedios.com\/futbol\/wp-json\/wp\/v2\/users\/20"}],"replies":[{"embeddable":true,"href":"http:\/\/desarrollo.grupomedios.com\/futbol\/wp-json\/wp\/v2\/comments?post=296833"}],"version-history":[{"count":0,"href":"http:\/\/desarrollo.grupomedios.com\/futbol\/wp-json\/wp\/v2\/posts\/296833\/revisions"}],"wp:featuredmedia":[{"embeddable":true,"href":"http:\/\/desarrollo.grupomedios.com\/futbol\/wp-json\/wp\/v2\/media\/296852"}],"wp:attachment":[{"href":"http:\/\/desarrollo.grupomedios.com\/futbol\/wp-json\/wp\/v2\/media?parent=296833"}],"wp:term":[{"taxonomy":"category","embeddable":true,"href":"http:\/\/desarrollo.grupomedios.com\/futbol\/wp-json\/wp\/v2\/categories?post=296833"},{"taxonomy":"post_tag","embeddable":true,"href":"http:\/\/desarrollo.grupomedios.com\/futbol\/wp-json\/wp\/v2\/tags?post=296833"}],"curies":[{"name":"wp","href":"https:\/\/api.w.org\/{rel}","templated":true}]}}