{"id":296843,"date":"2015-08-07T07:00:19","date_gmt":"2015-08-07T12:00:19","guid":{"rendered":"http:\/\/futboltotal.com.mx\/?p=296843"},"modified":"2015-08-21T10:28:27","modified_gmt":"2015-08-21T15:28:27","slug":"premier-league-20-fichajes-mas-caros-del-verano","status":"publish","type":"post","link":"http:\/\/desarrollo.grupomedios.com\/futbol\/destacado-home\/premier-league-20-fichajes-mas-caros-del-verano\/2015\/08","title":{"rendered":"Premier League | 20 fichajes m\u00e1s caros del verano"},"content":{"rendered":"<p>Se eleva el tel\u00f3n en la liga europea m\u00e1s competitiva.\u00a0Los 20 clubes de la <strong>Premier League<\/strong>\u00a0tendr\u00e1n nuevas incorporaciones y cada fichaje, m\u00e1s all\u00e1 de ser concretado para solventar necesidades deportivas, ha sido marcado por el poder adquisitivo de cada entidad.<\/p>\n<p>Manchester, metropli paradisiaca donde reina la cerveza y futbol, es por segunda temporada consecutiva punto de arribo para los fichajes r\u00e9cord. El a\u00f1o anterior el United logr\u00f3 amarrar a Angel di Mar\u00eda como el m\u00e1s caro (74 millones de euros limpios m\u00e1s variables) y en est\u00e1 ocasi\u00f3n ha sido el City, su vecino inc\u00f3modo, el encargado de mover los registros con la inclusi\u00f3n del nacido en Jamaica, Raheem Sterling, ahora el fichaje m\u00e1s caro en la historia del club (62.5 millones m\u00e1s variables) y el und\u00e9cimo en la lista del globo balomp\u00e9dico.<\/p>\n<p>Falta un mes para que cierre operaciones el mercado de transferencias y hasta ahora cada club tiene al menos un refuerzo en el que ha realizado un desembolso generoso. Los reci\u00e9n ascendidos Norwich City, Bournemouth y Watford, no son la excepci\u00f3n. De hecho ninguno de los tres ocupa el \u00faltimo sitio con la contrataci\u00f3n m\u00e1s decorosa. Este puesto es para el modesto Everton de Roberto Mart\u00ednez, que pag\u00f3 6 millones de euros por la perla de la Mas\u00eda Gerard Deulofeu, quien pese a estar lejos de su mejor nivel con el Sevilla, en Merseyside super\u00f3 problemas de adaptaci\u00f3n y se gan\u00f3 un puesto en el coraz\u00f3n de los <em>Toffees.<\/em><\/p>\n<p>[video_player]https:\/\/player.vimeo.com\/external\/135693146.hd.mp4?s=7763caf542133ed813a142e8e01763a4&amp;profile_id=113[\/video_player]<\/p>\n<p>Llego el momento de hacer un corte de caja con las transferencias m\u00e1s caras de cada club en Premier League y en el horizonte nos queda realizar uno despu\u00e9s del 31 de agosto, fecha en que cierra el mercado de verano y los clubes quedan armados hasta los dientes en busca de la conquista de la corona del rey ingl\u00e9s, Chelsea que, por cierto, esta vez no gast\u00f3 en su fichaje m\u00e1s esperado, Radamel Falcao, quien lleg\u00f3 a pr\u00e9stamo a petici\u00f3n expresa de <em>The Special One, <\/em>Jos\u00e9 Mourinho.<\/p>\n<div id=\"gallery34G\" style=\"display:none;\"><img alt=\"Asmir Begovic | Portero | De Stoke City a Chelsea|11 millones de euros.\" src=\"http:\/\/desarrollo.grupomedios.com\/futbol\/wp-content\/uploads\/2015\/07\/Begovic.jpg\" data-image=\"http:\/\/desarrollo.grupomedios.com\/futbol\/wp-content\/uploads\/2015\/07\/Begovic.jpg\" data-description=\"Begovic\"><img alt=\"Raheem Sterling | Delantero |De Liverpool a Manchester City | 62.5 mde ( m\u00e1s variables).\" src=\"http:\/\/desarrollo.grupomedios.com\/futbol\/wp-content\/uploads\/2015\/07\/Sterling.jpg\" data-image=\"http:\/\/desarrollo.grupomedios.com\/futbol\/wp-content\/uploads\/2015\/07\/Sterling.jpg\" data-description=\"Sterling\"><img alt=\"Petr Cech| Portero | De Arsenal a Chelsea | 14 mde.\" src=\"http:\/\/desarrollo.grupomedios.com\/futbol\/wp-content\/uploads\/2015\/06\/Fichajes-Chelsea-7.jpg\" data-image=\"http:\/\/desarrollo.grupomedios.com\/futbol\/wp-content\/uploads\/2015\/06\/Fichajes-Chelsea-7.jpg\" data-description=\"Fichajes-Chelsea-7\"><img alt=\"Morgan Schneiderlin|Centrocampista |De Southampton a Manchester United | 35 mde. \" src=\"http:\/\/desarrollo.grupomedios.com\/futbol\/wp-content\/uploads\/2015\/07\/morgan-schneiderlin.jpg\" data-image=\"http:\/\/desarrollo.grupomedios.com\/futbol\/wp-content\/uploads\/2015\/07\/morgan-schneiderlin.jpg\" data-description=\"Morgan Schneiderlin\"><img alt=\"Toby Alderweireld | Defensa central | De Atl\u00e9tico de Madrid a Tottenham| 16 mde.\" src=\"http:\/\/desarrollo.grupomedios.com\/futbol\/wp-content\/uploads\/2015\/07\/Aldelweireld.jpg\" data-image=\"http:\/\/desarrollo.grupomedios.com\/futbol\/wp-content\/uploads\/2015\/07\/Aldelweireld.jpg\" data-description=\"Aldelweireld\"><img alt=\"5.- Christian Benteke | Delantero | De Aston Villa a Liverpool | 46.5 MDE\" src=\"http:\/\/desarrollo.grupomedios.com\/futbol\/wp-content\/uploads\/2015\/07\/Benteke.jpg\" data-image=\"http:\/\/desarrollo.grupomedios.com\/futbol\/wp-content\/uploads\/2015\/07\/Benteke.jpg\" data-description=\"Benteke\"><img alt=\"Jordy Clasie | Mediocampista | De Feyenoord a Southampton | 12mde\" src=\"http:\/\/desarrollo.grupomedios.com\/futbol\/wp-content\/uploads\/2015\/07\/jordy.jpg\" data-image=\"http:\/\/desarrollo.grupomedios.com\/futbol\/wp-content\/uploads\/2015\/07\/jordy.jpg\" data-description=\"jordy\"><img alt=\"\u00c9der | Centro Delantero | De Braga a Swansea City | 7 mde. \" src=\"http:\/\/desarrollo.grupomedios.com\/futbol\/wp-content\/uploads\/2015\/07\/Eder.jpg\" data-image=\"http:\/\/desarrollo.grupomedios.com\/futbol\/wp-content\/uploads\/2015\/07\/Eder.jpg\" data-description=\"Eder\"><img alt=\"Joselu | Delantero | De Hannover 96 a Stoke City| 8 mde.\" src=\"http:\/\/desarrollo.grupomedios.com\/futbol\/wp-content\/uploads\/2015\/07\/joselu.jpg\" data-image=\"http:\/\/desarrollo.grupomedios.com\/futbol\/wp-content\/uploads\/2015\/07\/joselu.jpg\" data-description=\"joselu\"><img alt=\"Yohan Cabaye | Centrocampista |De PSG al Crystal Palace| 16 mde.  \" src=\"http:\/\/desarrollo.grupomedios.com\/futbol\/wp-content\/uploads\/2015\/07\/Cabaye.jpg\" data-image=\"http:\/\/desarrollo.grupomedios.com\/futbol\/wp-content\/uploads\/2015\/07\/Cabaye.jpg\" data-description=\"Cabaye\"><img alt=\"Gerard Deulofeu | Delantero | De Barcelona a Everton| 6mde. \" src=\"http:\/\/desarrollo.grupomedios.com\/futbol\/wp-content\/uploads\/2015\/07\/Deulofeu.jpg\" data-image=\"http:\/\/desarrollo.grupomedios.com\/futbol\/wp-content\/uploads\/2015\/07\/Deulofeu.jpg\" data-description=\"Deulofeu\"><img alt=\"Dimitri Payet | Centrocampista | De Olympique Marsella a West Ham United | 15 mde. \" src=\"http:\/\/desarrollo.grupomedios.com\/futbol\/wp-content\/uploads\/2015\/07\/West-Ham-Dimitry-Payet.jpg\" data-image=\"http:\/\/desarrollo.grupomedios.com\/futbol\/wp-content\/uploads\/2015\/07\/West-Ham-Dimitry-Payet.jpg\" data-description=\"West-Ham-Dimitry-Payet\"><img alt=\"James Chester | Defensa Central |De Hull City a  West Brom | 11.3 mde. \" src=\"http:\/\/desarrollo.grupomedios.com\/futbol\/wp-content\/uploads\/2015\/07\/James-Chesetr.jpg\" data-image=\"http:\/\/desarrollo.grupomedios.com\/futbol\/wp-content\/uploads\/2015\/07\/James-Chesetr.jpg\" data-description=\"James-Chesetr\"><img alt=\"Shinji Okazaki | Delantero | De Leicester City a Mainz | 11 mde. \" src=\"http:\/\/desarrollo.grupomedios.com\/futbol\/wp-content\/uploads\/2015\/07\/Okasaki.jpg\" data-image=\"http:\/\/desarrollo.grupomedios.com\/futbol\/wp-content\/uploads\/2015\/07\/Okasaki.jpg\" data-description=\"Okasaki\"><img alt=\"Georgino Wijnaldum | Centrocampista | De PSV a Newcastle| 20 mde.\" src=\"http:\/\/desarrollo.grupomedios.com\/futbol\/wp-content\/uploads\/2015\/07\/Wijnaldum.jpg\" data-image=\"http:\/\/desarrollo.grupomedios.com\/futbol\/wp-content\/uploads\/2015\/07\/Wijnaldum.jpg\" data-description=\"Wijnaldum\"><img alt=\"Jeremain Lens | Delantero | De Dynamo Kiev a Sunderland | 11.40 mde.\" src=\"http:\/\/desarrollo.grupomedios.com\/futbol\/wp-content\/uploads\/2015\/07\/Lens.jpg\" data-image=\"http:\/\/desarrollo.grupomedios.com\/futbol\/wp-content\/uploads\/2015\/07\/Lens.jpg\" data-description=\"Lens\"><img alt=\"Jordan Ayew | Delantero | De Lorient al Aston Vill| 12mde.\" src=\"http:\/\/desarrollo.grupomedios.com\/futbol\/wp-content\/uploads\/2015\/07\/jordan.jpg\" data-image=\"http:\/\/desarrollo.grupomedios.com\/futbol\/wp-content\/uploads\/2015\/07\/jordan.jpg\" data-description=\"jordan\"><img alt=\"Tyrone Mings | Defensa | De Ipswich Town a Bournemouth  | 11.30 mde.\" src=\"http:\/\/desarrollo.grupomedios.com\/futbol\/wp-content\/uploads\/2015\/07\/Tyrone.jpg\" data-image=\"http:\/\/desarrollo.grupomedios.com\/futbol\/wp-content\/uploads\/2015\/07\/Tyrone.jpg\" data-description=\"Tyrone\"><img alt=\"\u00c9tienne Capoue | Centrocampista |De Tottenham a Watford  | 8.90 mde. \" src=\"http:\/\/desarrollo.grupomedios.com\/futbol\/wp-content\/uploads\/2015\/07\/Capoue.jpg\" data-image=\"http:\/\/desarrollo.grupomedios.com\/futbol\/wp-content\/uploads\/2015\/07\/Capoue.jpg\" data-description=\"Capoue\"><img alt=\"Robbie Brady | Centrocampista | De Hull City a Norwich | 9.9 mde. \" src=\"http:\/\/desarrollo.grupomedios.com\/futbol\/wp-content\/uploads\/2015\/07\/Roobie.jpg\" data-image=\"http:\/\/desarrollo.grupomedios.com\/futbol\/wp-content\/uploads\/2015\/07\/Roobie.jpg\" data-description=\"Roobie\"><\/div>\n        <script>\n        \/\/galeria 1\n        jQuery(document).ready(function(){ \n            var api;\n            api = jQuery(\"#gallery34G\").unitegallery({\n                carousel_autoplay: false\n            }); \n        });\n        <\/script>\n        \n<p>\u00a1Sorprendentes algunos nombres inmersos en el listado de fichajes veraniegos en la Premier League.<\/p>\n","protected":false},"excerpt":{"rendered":"<p>Te presentamos a los refuerzos m\u00e1s costosos que hasta el momento han llegado a clubes ingleses <\/p>\n","protected":false},"author":20,"featured_media":297644,"comment_status":"open","ping_status":"open","sticky":false,"template":"","format":"standard","meta":[],"categories":[5,3839,3844],"tags":[640,5957],"_links":{"self":[{"href":"http:\/\/desarrollo.grupomedios.com\/futbol\/wp-json\/wp\/v2\/posts\/296843"}],"collection":[{"href":"http:\/\/desarrollo.grupomedios.com\/futbol\/wp-json\/wp\/v2\/posts"}],"about":[{"href":"http:\/\/desarrollo.grupomedios.com\/futbol\/wp-json\/wp\/v2\/types\/post"}],"author":[{"embeddable":true,"href":"http:\/\/desarrollo.grupomedios.com\/futbol\/wp-json\/wp\/v2\/users\/20"}],"replies":[{"embeddable":true,"href":"http:\/\/desarrollo.grupomedios.com\/futbol\/wp-json\/wp\/v2\/comments?post=296843"}],"version-history":[{"count":0,"href":"http:\/\/desarrollo.grupomedios.com\/futbol\/wp-json\/wp\/v2\/posts\/296843\/revisions"}],"wp:featuredmedia":[{"embeddable":true,"href":"http:\/\/desarrollo.grupomedios.com\/futbol\/wp-json\/wp\/v2\/media\/297644"}],"wp:attachment":[{"href":"http:\/\/desarrollo.grupomedios.com\/futbol\/wp-json\/wp\/v2\/media?parent=296843"}],"wp:term":[{"taxonomy":"category","embeddable":true,"href":"http:\/\/desarrollo.grupomedios.com\/futbol\/wp-json\/wp\/v2\/categories?post=296843"},{"taxonomy":"post_tag","embeddable":true,"href":"http:\/\/desarrollo.grupomedios.com\/futbol\/wp-json\/wp\/v2\/tags?post=296843"}],"curies":[{"name":"wp","href":"https:\/\/api.w.org\/{rel}","templated":true}]}}