{"id":296870,"date":"2015-07-27T15:07:56","date_gmt":"2015-07-27T20:07:56","guid":{"rendered":"http:\/\/futboltotal.com.mx\/?p=296870"},"modified":"2015-07-27T15:28:43","modified_gmt":"2015-07-27T20:28:43","slug":"espanyol-espera-oferta-del-psv-por-moreno","status":"publish","type":"post","link":"http:\/\/desarrollo.grupomedios.com\/futbol\/futbol-internacional\/espanyol-espera-oferta-del-psv-por-moreno\/2015\/07","title":{"rendered":"Espanyol espera oferta del PSV por Moreno"},"content":{"rendered":"<p>El futuro de <strong>H\u00e9ctor Moreno<\/strong> se mantiene en suspenso en el <strong>Espanyol<\/strong>. Johan Collet, presidente del club, asegur\u00f3 que est\u00e1 a la espera de recibir una propuesta formal por el traspaso del mexicano y conf\u00eda en que llegue en los pr\u00f3ximos d\u00edas, mientras el club se ocupa de buscar el fichaje de un central.<\/p>\n<p>&#8220;Habl\u00e9 con Mino Raiola, agente de Moreno, y me dijo que hay varias conversaciones para negociar lasalida de Moreno. No puedo decir con qu\u00e9 club porque aun no he recibido el informe completo y hasta hoy lunes no ha llegado nada&#8221;, declar\u00f3 Collet en rueda de prensa.<\/p>\n<p>Desde que concluy\u00f3 la pasada temporada, H\u00e9ctor Moreno fue vinculado con un posible arrib\u00f3 al Tottenham y el PSV, pero no hubo nada concret\u00f3. Por ello la entidad plante\u00f3 renovar su contrato hsta 2019 y as\u00ed tener c\u00f3mo sacar mayor r\u00e9dito de su traspaso.<\/p>\n<p>Sin embargo, la lesi\u00f3n que sufri\u00f3 H\u00e9ctor Moreno en la pasada Copa Oro fren\u00f3 dicha renovaci\u00f3n y la posibilidad de que concretara con antelaci\u00f3n su traspaso a otro club, tal y como lo hicieron su compa\u00f1eros de selecci\u00f3n Diego Reyes (Real Sociedad) y Giovani dos Santos (LA Galaxy).<\/p>\n<p>Tras las declaraciones que dio Collet, Espanyol queda a la espera de recibir una oferta del PSV, dispuesto a pagar cinco millones de euros para concretar el traspaso y mantiene negociaciones para concretar el fichaje de un central y un delantero. &#8220;Desde ahora estamos trabajando en la llegada de al menos estos dos refuerzos&#8221;, expres\u00f3 el director deportivo de la entidad, Oscar Perarnau.<\/p>\n","protected":false},"excerpt":{"rendered":"<p>En Cornella conf\u00edan concretar el traspaso del mexicano en los pr\u00f3ximos d\u00edas<\/p>\n","protected":false},"author":20,"featured_media":296891,"comment_status":"open","ping_status":"open","sticky":false,"template":"","format":"standard","meta":[],"categories":[3839,3844],"tags":[67,4847,5987],"_links":{"self":[{"href":"http:\/\/desarrollo.grupomedios.com\/futbol\/wp-json\/wp\/v2\/posts\/296870"}],"collection":[{"href":"http:\/\/desarrollo.grupomedios.com\/futbol\/wp-json\/wp\/v2\/posts"}],"about":[{"href":"http:\/\/desarrollo.grupomedios.com\/futbol\/wp-json\/wp\/v2\/types\/post"}],"author":[{"embeddable":true,"href":"http:\/\/desarrollo.grupomedios.com\/futbol\/wp-json\/wp\/v2\/users\/20"}],"replies":[{"embeddable":true,"href":"http:\/\/desarrollo.grupomedios.com\/futbol\/wp-json\/wp\/v2\/comments?post=296870"}],"version-history":[{"count":0,"href":"http:\/\/desarrollo.grupomedios.com\/futbol\/wp-json\/wp\/v2\/posts\/296870\/revisions"}],"wp:featuredmedia":[{"embeddable":true,"href":"http:\/\/desarrollo.grupomedios.com\/futbol\/wp-json\/wp\/v2\/media\/296891"}],"wp:attachment":[{"href":"http:\/\/desarrollo.grupomedios.com\/futbol\/wp-json\/wp\/v2\/media?parent=296870"}],"wp:term":[{"taxonomy":"category","embeddable":true,"href":"http:\/\/desarrollo.grupomedios.com\/futbol\/wp-json\/wp\/v2\/categories?post=296870"},{"taxonomy":"post_tag","embeddable":true,"href":"http:\/\/desarrollo.grupomedios.com\/futbol\/wp-json\/wp\/v2\/tags?post=296870"}],"curies":[{"name":"wp","href":"https:\/\/api.w.org\/{rel}","templated":true}]}}