{"id":296872,"date":"2015-07-27T14:49:19","date_gmt":"2015-07-27T19:49:19","guid":{"rendered":"http:\/\/futboltotal.com.mx\/?p=296872"},"modified":"2015-07-27T14:51:01","modified_gmt":"2015-07-27T19:51:01","slug":"matias-vuoso-nuevo-jugador-cruz-azul","status":"publish","type":"post","link":"http:\/\/desarrollo.grupomedios.com\/futbol\/futbol-mexicano\/matias-vuoso-nuevo-jugador-cruz-azul\/2015\/07","title":{"rendered":"Mat\u00edas Vuoso, \u00bfnuevo jugador Cruz Azul?"},"content":{"rendered":"<p>\u00bf<strong>Mat\u00edas Vuoso<\/strong> es nuevo jugador <strong>Cruz Azul<\/strong>? Parece que s\u00ed. Y es que las \u00faltimas horas ha crecido el rumor sobre la inminente llegada del delantero argentino naturalizado mexicano a la <em>M\u00e1quina<\/em>, incluso se apunta que este lunes el atacante realiz\u00f3 ex\u00e1menes m\u00e9dicos con el club <em>cementero<\/em>.<\/p>\n<p>Ante ello, <strong>Cruz Azul<\/strong>, que el pasado s\u00e1bado disput\u00f3 su primer partido del <strong>Apertura 2015<\/strong>, estar\u00eda por anunciar la llegada <strong>Mat\u00edas Vuoso<\/strong> como refuerzos para esta temporada.<\/p>\n<p>En ese sentido, cabe apuntar que en el\u00a0pasado a\u00f1o\u00a0el jugador\u00a0de 33\u00a0a\u00f1os de edad y Sergio Bueno, t\u00e9cnico <em>cementero<\/em>, coincidieron en <em>Jaguares<\/em> de Chiapas, donde el\u00a0<em>Toro<\/em> firm\u00f3\u00a0nueve goles, algo que incluso\u00a0le vali\u00f3 para ser convocado a la pasada\u00a0Copa Am\u00e9rica.<\/p>\n<p>Adem\u00e1s, destacar que <strong>Mat\u00edas Vuoso<\/strong>\u00a0termin\u00f3 el pr\u00e9stamo de un a\u00f1o que ten\u00eda con Chiapas, por lo que regres\u00f3\u00a0al Atlas, due\u00f1o de su carta; sin embargo, el atacante no entr\u00f3 en planes del cuadro tapat\u00edo\u00a0y\u00a0fue colocado en el pasado Draft, donde no pudo ser colocado en ning\u00fan equipo de la <strong>Liga MX<\/strong>.<\/p>\n<p>No obstante,\u00a0al ser parte de la Selecci\u00f3n Mexicana que particip\u00f3 en la pasada Copa Am\u00e9rica, el delantero argentino naturalizado mexicano a\u00fan tiene plazo de ser contratado por alg\u00fan equipo del balompi\u00e9 <em>azteca<\/em>.<\/p>\n<p><strong><span style=\"color: #ff0000;\">UNO M\u00c1S<\/span><\/strong> | Adem\u00e1s, se agrega que\u00a0<strong>Jorge Ben\u00edtez<\/strong>, hasta hora jugador del Olympiacos, tambi\u00e9n ser\u00eda nuevo jugador de <strong>Cruz Azul<\/strong>.\u00a0El delantero paraguayo, de 22 a\u00f1os de edad, iniciar\u00eda su aventura por la <strong>Liga MX<\/strong>\u00a0tras un breve paso por el futbol europeo.<\/p>\n","protected":false},"excerpt":{"rendered":"<p>El delantero argentino ser\u00eda presentado en las pr\u00f3ximas horas<\/p>\n","protected":false},"author":20,"featured_media":296879,"comment_status":"open","ping_status":"open","sticky":false,"template":"","format":"standard","meta":[],"categories":[2198,3845],"tags":[5962,331],"_links":{"self":[{"href":"http:\/\/desarrollo.grupomedios.com\/futbol\/wp-json\/wp\/v2\/posts\/296872"}],"collection":[{"href":"http:\/\/desarrollo.grupomedios.com\/futbol\/wp-json\/wp\/v2\/posts"}],"about":[{"href":"http:\/\/desarrollo.grupomedios.com\/futbol\/wp-json\/wp\/v2\/types\/post"}],"author":[{"embeddable":true,"href":"http:\/\/desarrollo.grupomedios.com\/futbol\/wp-json\/wp\/v2\/users\/20"}],"replies":[{"embeddable":true,"href":"http:\/\/desarrollo.grupomedios.com\/futbol\/wp-json\/wp\/v2\/comments?post=296872"}],"version-history":[{"count":0,"href":"http:\/\/desarrollo.grupomedios.com\/futbol\/wp-json\/wp\/v2\/posts\/296872\/revisions"}],"wp:featuredmedia":[{"embeddable":true,"href":"http:\/\/desarrollo.grupomedios.com\/futbol\/wp-json\/wp\/v2\/media\/296879"}],"wp:attachment":[{"href":"http:\/\/desarrollo.grupomedios.com\/futbol\/wp-json\/wp\/v2\/media?parent=296872"}],"wp:term":[{"taxonomy":"category","embeddable":true,"href":"http:\/\/desarrollo.grupomedios.com\/futbol\/wp-json\/wp\/v2\/categories?post=296872"},{"taxonomy":"post_tag","embeddable":true,"href":"http:\/\/desarrollo.grupomedios.com\/futbol\/wp-json\/wp\/v2\/tags?post=296872"}],"curies":[{"name":"wp","href":"https:\/\/api.w.org\/{rel}","templated":true}]}}