{"id":296928,"date":"2015-07-27T17:00:46","date_gmt":"2015-07-27T22:00:46","guid":{"rendered":"http:\/\/futboltotal.com.mx\/?p=296928"},"modified":"2015-07-27T17:00:46","modified_gmt":"2015-07-27T22:00:46","slug":"apertura-2015-los-mejores-goles-de-la-jornada-1","status":"publish","type":"post","link":"http:\/\/desarrollo.grupomedios.com\/futbol\/videos\/apertura-2015-los-mejores-goles-de-la-jornada-1\/2015\/07","title":{"rendered":"Apertura 2015 | Los mejores goles de la jornada 1"},"content":{"rendered":"<p>Este fin de semana arranc\u00f3 una nueva temporada de\u00a0la Primera Divisi\u00f3n\u00a0en <strong>M\u00e9xico<\/strong>. Con un buen espect\u00e1culo, la primera jornada del <strong>Apertura 2015<\/strong>\u00a0regal\u00f3 24 anotaciones, para un promedio de 2.6 goles por cotejo.<\/p>\n<p>Volvi\u00f3 el espect\u00e1culo a las canchas mexicanas. Y la <strong>Liga MX<\/strong> seleccion\u00f3 los <strong>cinco mejores goles<\/strong> de la jornada inaugural de\u00a0la justa <em>azteca<\/em>.<\/p>\n<p><iframe loading=\"lazy\" src=\"https:\/\/www.youtube.com\/embed\/vvp5d-rmKFs\" frameborder=\"0\" allowfullscreen=\"allowfullscreen\"><\/iframe><\/p>\n<p>En esta oportunidad, la <strong>Liga MX<\/strong> destac\u00f3 las anotaciones de <strong>Ismael Sosa<\/strong>, jugador de Pumas; <strong>Ariel Nahuelpan<\/strong>,\u00a0atacante de Pachuca; <strong>Emanuel Villa<\/strong>, artillero de Quer\u00e9taro; <strong>Carlos Pe\u00f1a<\/strong>, elemento del le\u00f3n; y <strong>\u00c1ngel Alb\u00edn<\/strong>, futbolista de Veracruz.<\/p>\n<p>Adem\u00e1s, en torno a la productividad ofensiva, el m\u00e1ximo organismo\u00a0del balompi\u00e9 <em>azteca<\/em>\u00a0destac\u00f3 que las anotaciones en la jornada inaugural del <strong>Apertura 2015<\/strong>\u00a0corrieron a cargo mayormente por jugadores mexicanos; mientras que los argentinos fueron la segunda nacionalidad con mejor cosecha en la primera jornada.<\/p>\n<p><a href=\"http:\/\/futboltotal.com.mx\/wp-content\/uploads\/2015\/07\/goles_por_nacionalidad_liga_mx.jpg\"><img decoding=\"async\" loading=\"lazy\" class=\"aligncenter size-full wp-image-296939\" src=\"http:\/\/futboltotal.com.mx\/wp-content\/uploads\/2015\/07\/goles_por_nacionalidad_liga_mx.jpg\" alt=\"goles_por_nacionalidad_liga_mx\" srcset=\"http:\/\/desarrollo.grupomedios.com\/futbol\/wp-content\/uploads\/2015\/07\/goles_por_nacionalidad_liga_mx.jpg 600w, http:\/\/desarrollo.grupomedios.com\/futbol\/wp-content\/uploads\/2015\/07\/goles_por_nacionalidad_liga_mx-300x120.jpg 300w\" sizes=\"(max-width: 600px) 100vw, 600px\" \/><\/a><\/p>\n<p><a href=\"http:\/\/futboltotal.com.mx\/wp-content\/uploads\/2015\/07\/goles_por_tipo_de_jugada_liga_mx.jpg\"><img decoding=\"async\" loading=\"lazy\" class=\"aligncenter size-full wp-image-296940\" src=\"http:\/\/futboltotal.com.mx\/wp-content\/uploads\/2015\/07\/goles_por_tipo_de_jugada_liga_mx.jpg\" alt=\"goles_por_tipo_de_jugada_liga_mx\" srcset=\"http:\/\/desarrollo.grupomedios.com\/futbol\/wp-content\/uploads\/2015\/07\/goles_por_tipo_de_jugada_liga_mx.jpg 600w, http:\/\/desarrollo.grupomedios.com\/futbol\/wp-content\/uploads\/2015\/07\/goles_por_tipo_de_jugada_liga_mx-300x165.jpg 300w\" sizes=\"(max-width: 600px) 100vw, 600px\" \/><\/a><\/p>\n<p><em>Con informaci\u00f3n de la Liga MX<\/em><\/p>\n","protected":false},"excerpt":{"rendered":"<p>Este fin de semana arranc\u00f3 una nueva temporada de la Liga MX<\/p>\n","protected":false},"author":20,"featured_media":296942,"comment_status":"open","ping_status":"open","sticky":false,"template":"","format":"standard","meta":[],"categories":[2198,3845,4],"tags":[5437,3881,64],"_links":{"self":[{"href":"http:\/\/desarrollo.grupomedios.com\/futbol\/wp-json\/wp\/v2\/posts\/296928"}],"collection":[{"href":"http:\/\/desarrollo.grupomedios.com\/futbol\/wp-json\/wp\/v2\/posts"}],"about":[{"href":"http:\/\/desarrollo.grupomedios.com\/futbol\/wp-json\/wp\/v2\/types\/post"}],"author":[{"embeddable":true,"href":"http:\/\/desarrollo.grupomedios.com\/futbol\/wp-json\/wp\/v2\/users\/20"}],"replies":[{"embeddable":true,"href":"http:\/\/desarrollo.grupomedios.com\/futbol\/wp-json\/wp\/v2\/comments?post=296928"}],"version-history":[{"count":0,"href":"http:\/\/desarrollo.grupomedios.com\/futbol\/wp-json\/wp\/v2\/posts\/296928\/revisions"}],"wp:featuredmedia":[{"embeddable":true,"href":"http:\/\/desarrollo.grupomedios.com\/futbol\/wp-json\/wp\/v2\/media\/296942"}],"wp:attachment":[{"href":"http:\/\/desarrollo.grupomedios.com\/futbol\/wp-json\/wp\/v2\/media?parent=296928"}],"wp:term":[{"taxonomy":"category","embeddable":true,"href":"http:\/\/desarrollo.grupomedios.com\/futbol\/wp-json\/wp\/v2\/categories?post=296928"},{"taxonomy":"post_tag","embeddable":true,"href":"http:\/\/desarrollo.grupomedios.com\/futbol\/wp-json\/wp\/v2\/tags?post=296928"}],"curies":[{"name":"wp","href":"https:\/\/api.w.org\/{rel}","templated":true}]}}