{"id":296987,"date":"2015-07-27T18:40:23","date_gmt":"2015-07-27T23:40:23","guid":{"rendered":"http:\/\/futboltotal.com.mx\/?p=296987"},"modified":"2015-07-27T18:40:23","modified_gmt":"2015-07-27T23:40:23","slug":"tv-azteca-solicita-investigacion-de-la-agresion-de-miguel-herrera","status":"publish","type":"post","link":"http:\/\/desarrollo.grupomedios.com\/futbol\/futbol-mexicano\/tv-azteca-solicita-investigacion-de-la-agresion-de-miguel-herrera\/2015\/07","title":{"rendered":"TV Azteca solicita investigaci\u00f3n de la agresi\u00f3n de Miguel Herrera"},"content":{"rendered":"<p><strong>TV Azteca<\/strong> solicit\u00f3 a la <strong>Federaci\u00f3n Mexicana de Futbol<\/strong> una investigaci\u00f3n de la presunta\u00a0agresi\u00f3n que sufri\u00f3 el comentarista deportivo <strong>Christian Martinoli<\/strong>, por parte del t\u00e9cnico de la Selecci\u00f3n de M\u00e9xico, <strong>Miguel Herrera<\/strong>.<\/p>\n<p>Adem\u00e1s, la televisora propiedad de Grupo Salinas demand\u00f3 tomar sanciones ejemplares, con la finalidad de que ning\u00fan otro representante del futbol mexicano ocasione actos como el que presumiblemente cometi\u00f3 el <em>Piojo<\/em> Herrera.<\/p>\n<p>\u201cNos extra\u00f1a y preocupa enormemente el comportamiento del director t\u00e9cnico de la Selecci\u00f3n Nacional. La <strong>Federaci\u00f3n Mexicana de Futbol<\/strong> no puede permitir que se repita una agresi\u00f3n como la sufrida por nuestro colaborador Christian Martinoli a manos del se\u00f1or <strong>Miguel Herrera<\/strong>.<\/p>\n<p>\u201cFrente a esta circunstancia, <strong>TV Azteca<\/strong> solicita una urgente y expedita investigaci\u00f3n sobre los hechos, a partir de la cual se deben aplicar sanciones y tomar las medidas correspondientes para que ning\u00fan otro representante del balompi\u00e9 nacional ocasione hechos tan lamentables como este\u201d, apunt\u00f3 la televisora mediante un comunicado.<\/p>\n<p><strong>TV Azteca<\/strong> sostuvo que no pueden tolerarse muestras de violencia que atenten contra\u00a0la libertad de expresi\u00f3n.<\/p>\n<p>\u201c<strong>M\u00e9xico<\/strong> necesita de periodistas valientes, que puedan decir lo que opinan y que gocen de la libertad de hacerlo sin preocuparse por ser agredidos. <strong>M\u00e9xico<\/strong> necesita m\u00e1s libertad, m\u00e1s debate p\u00fablico y menos violencia\u201d, concluy\u00f3.<\/p>\n","protected":false},"excerpt":{"rendered":"<p>La televisora respalda al comentarista deportivo, Christian Martinoli<\/p>\n","protected":false},"author":20,"featured_media":284120,"comment_status":"open","ping_status":"open","sticky":false,"template":"","format":"standard","meta":[],"categories":[2198,3847],"tags":[5849,255],"_links":{"self":[{"href":"http:\/\/desarrollo.grupomedios.com\/futbol\/wp-json\/wp\/v2\/posts\/296987"}],"collection":[{"href":"http:\/\/desarrollo.grupomedios.com\/futbol\/wp-json\/wp\/v2\/posts"}],"about":[{"href":"http:\/\/desarrollo.grupomedios.com\/futbol\/wp-json\/wp\/v2\/types\/post"}],"author":[{"embeddable":true,"href":"http:\/\/desarrollo.grupomedios.com\/futbol\/wp-json\/wp\/v2\/users\/20"}],"replies":[{"embeddable":true,"href":"http:\/\/desarrollo.grupomedios.com\/futbol\/wp-json\/wp\/v2\/comments?post=296987"}],"version-history":[{"count":0,"href":"http:\/\/desarrollo.grupomedios.com\/futbol\/wp-json\/wp\/v2\/posts\/296987\/revisions"}],"wp:featuredmedia":[{"embeddable":true,"href":"http:\/\/desarrollo.grupomedios.com\/futbol\/wp-json\/wp\/v2\/media\/284120"}],"wp:attachment":[{"href":"http:\/\/desarrollo.grupomedios.com\/futbol\/wp-json\/wp\/v2\/media?parent=296987"}],"wp:term":[{"taxonomy":"category","embeddable":true,"href":"http:\/\/desarrollo.grupomedios.com\/futbol\/wp-json\/wp\/v2\/categories?post=296987"},{"taxonomy":"post_tag","embeddable":true,"href":"http:\/\/desarrollo.grupomedios.com\/futbol\/wp-json\/wp\/v2\/tags?post=296987"}],"curies":[{"name":"wp","href":"https:\/\/api.w.org\/{rel}","templated":true}]}}