{"id":296992,"date":"2015-07-27T19:36:14","date_gmt":"2015-07-28T00:36:14","guid":{"rendered":"http:\/\/futboltotal.com.mx\/?p=296992"},"modified":"2015-07-27T19:38:18","modified_gmt":"2015-07-28T00:38:18","slug":"comienzan-a-circular-videos-de-agresion-de-herrera","status":"publish","type":"post","link":"http:\/\/desarrollo.grupomedios.com\/futbol\/videos\/comienzan-a-circular-videos-de-agresion-de-herrera\/2015\/07","title":{"rendered":"Comienzan a circular videos de agresi\u00f3n de Herrera"},"content":{"rendered":"<p><strong>Miguel Herrera<\/strong>, t\u00e9cnico de la\u00a0<strong>selecci\u00f3n de M\u00e9xico<\/strong>,\u00a0<a href=\"http:\/\/futboltotal.com.mx\/2015\/07\/afirman-que-miguel-herrera-golpeo-a-martinoli\/\">fue acusado este lunes de agredir f\u00edsicamente a\u00a0<strong>Christian Martinoli<\/strong><\/a>, comentarista de <strong>TV Azteca<\/strong>. Algunas versiones apuntan que el\u00a0<a href=\"http:\/\/futboltotal.com.mx\/2015\/07\/martinoli-senti-el-punetazo-en-el-cuello-de-piojo\/\"><em>Piojo<\/em>\u00a0golpe\u00f3 al narrador<\/a>, mientras que otras informan que\u00a0<a href=\"http:\/\/futboltotal.com.mx\/2015\/07\/miguel-herrera-confirma-enfrentamiento-con-martinoli\/\">solo se presentaron empujones<\/a>\u00a0e intercambio de insultos.<\/p>\n<p>Hasta ahora no hay\u00a0video o im\u00e1genes contundentes del hecho.\u00a0Sin embargo, con el paso de las horas se presentan testimonios y pruebas que indican\u00a0que la agresi\u00f3n de <strong>Herrera<\/strong> a <strong>Martinoli<\/strong> s\u00ed sucedi\u00f3.<\/p>\n<p>En ese sentido, circulan en redes sociales un par de\u00a0videos\u00a0que\u00a0muestran los segundos subsecuentes\u00a0a la -hasta ahora-\u00a0presunta\u00a0agresi\u00f3n del <em>Piojo<\/em>.<\/p>\n<p>La cadena <em>Univisi\u00f3n<\/em> logr\u00f3 contactar a una testigo,\u00a0la cual grab\u00f3 con su celular los momentos posteriores al altercado, donde aparece <strong>Miguel Herrera<\/strong>\u00a0hablando con\u00a0<strong>Luis Garc\u00eda<\/strong>, compa\u00f1ero de <strong>Christian Martinoli<\/strong>\u00a0y quien apunta fue <a href=\"http:\/\/futboltotal.com.mx\/2015\/07\/luis-garcia-confirma-agresion-de-mishelle-herrera\/\">agredido f\u00edsicamente por la hija del entrenador del <em>Tri<\/em><\/a>.<\/p>\n<p><iframe loading=\"lazy\" src=\"https:\/\/www.youtube.com\/embed\/t7lCBWPfCKA\" frameborder=\"0\" allowfullscreen=\"allowfullscreen\"><\/iframe><\/p>\n<p>Tras esta\u00a0publicaci\u00f3n, apareci\u00f3 otro video que tambi\u00e9n\u00a0muestra los momentos que le siguieron al presunto\u00a0golpe de <strong>Miguel\u00a0Herrera<\/strong> sobre <strong>Christian Martinoli<\/strong>. De igual manera, se observa al <em>Piojo<\/em> haciendo contacto con Luis Garc\u00eda.<\/p>\n<blockquote class=\"twitter-tweet\" lang=\"es\">\n<p dir=\"ltr\" lang=\"es\">Circula este video. Se ven Herrera y Luis Garc\u00eda. <a href=\"http:\/\/t.co\/XobOM82wyo\">pic.twitter.com\/XobOM82wyo<\/a><\/p>\n<p>\u2014 San Cadilla El Norte (@SancadillaNorte) <a href=\"https:\/\/twitter.com\/SancadillaNorte\/status\/625812401842028544\">julio 27, 2015<\/a><\/p><\/blockquote>\n<p><script src=\"\/\/platform.twitter.com\/widgets.js\" async=\"\" charset=\"utf-8\"><\/script><\/p>\n<p>Sobre este asunto, se espera que\u00a0el video del aeropuerto de Filadelfia aparezca en los pr\u00f3ximos d\u00edas. No obstante, sobre este punto, trasciende que la c\u00e1mara del aeropuerto fall\u00f3, situaci\u00f3n que impidi\u00f3 captar la supuesta agresi\u00f3n de\u00a0<strong>Herrera<\/strong>\u00a0a <strong>Martinoli<\/strong>.<\/p>\n","protected":false},"excerpt":{"rendered":"<p>El Piojo fue acusado este lunes de agredir f\u00edsicamente a Christian Martinoli<\/p>\n","protected":false},"author":20,"featured_media":296998,"comment_status":"open","ping_status":"open","sticky":false,"template":"","format":"standard","meta":[],"categories":[2198,3847,4],"tags":[5849,255],"_links":{"self":[{"href":"http:\/\/desarrollo.grupomedios.com\/futbol\/wp-json\/wp\/v2\/posts\/296992"}],"collection":[{"href":"http:\/\/desarrollo.grupomedios.com\/futbol\/wp-json\/wp\/v2\/posts"}],"about":[{"href":"http:\/\/desarrollo.grupomedios.com\/futbol\/wp-json\/wp\/v2\/types\/post"}],"author":[{"embeddable":true,"href":"http:\/\/desarrollo.grupomedios.com\/futbol\/wp-json\/wp\/v2\/users\/20"}],"replies":[{"embeddable":true,"href":"http:\/\/desarrollo.grupomedios.com\/futbol\/wp-json\/wp\/v2\/comments?post=296992"}],"version-history":[{"count":0,"href":"http:\/\/desarrollo.grupomedios.com\/futbol\/wp-json\/wp\/v2\/posts\/296992\/revisions"}],"wp:featuredmedia":[{"embeddable":true,"href":"http:\/\/desarrollo.grupomedios.com\/futbol\/wp-json\/wp\/v2\/media\/296998"}],"wp:attachment":[{"href":"http:\/\/desarrollo.grupomedios.com\/futbol\/wp-json\/wp\/v2\/media?parent=296992"}],"wp:term":[{"taxonomy":"category","embeddable":true,"href":"http:\/\/desarrollo.grupomedios.com\/futbol\/wp-json\/wp\/v2\/categories?post=296992"},{"taxonomy":"post_tag","embeddable":true,"href":"http:\/\/desarrollo.grupomedios.com\/futbol\/wp-json\/wp\/v2\/tags?post=296992"}],"curies":[{"name":"wp","href":"https:\/\/api.w.org\/{rel}","templated":true}]}}