{"id":296997,"date":"2015-07-27T20:29:38","date_gmt":"2015-07-28T01:29:38","guid":{"rendered":"http:\/\/futboltotal.com.mx\/?p=296997"},"modified":"2015-07-27T20:29:38","modified_gmt":"2015-07-28T01:29:38","slug":"polemica-herrera-martinoli-traspasa-fronteras","status":"publish","type":"post","link":"http:\/\/desarrollo.grupomedios.com\/futbol\/galerias\/polemica-herrera-martinoli-traspasa-fronteras\/2015\/07","title":{"rendered":"Pol\u00e9mica Herrera-Martinoli traspasa fronteras"},"content":{"rendered":"<p>La pol\u00e9mica surgida por la agresi\u00f3n f\u00edsica del t\u00e9cnico de la <strong><a href=\"http:\/\/www.futboltotal.com.mx\/futbol-mexicano\/seleccion-mexicana\/\" target=\"_blank\">Selecci\u00f3n Mexicana<\/a><\/strong>, <strong>Miguel Herrera<\/strong>, al comentarista deportivo <strong>Christian Martinoli<\/strong>, no solamente gener\u00f3 revuelo en M\u00e9xico sino en diferentes medios internacionales.<\/p>\n<p>La noticia del <a href=\"http:\/\/futboltotal.com.mx\/2015\/07\/martinoli-senti-el-punetazo-en-el-cuello-de-piojo\/\" target=\"_blank\">supuesto ataque<\/a> del <em>Piojo<\/em> Herrera a Martinoli fue retomada por medios de Estados Unidos, Centroam\u00e9rica, Sudam\u00e9rica y Espa\u00f1a.<\/p>\n<p>A continuaci\u00f3n, dejamos las portadas de algunos medios que publicaron el conflicto Herrera-Martinoli en sus respectivos portales.<\/p>\n<div id=\"gallerylzV\" style=\"display:none;\"><img alt=\"\" src=\"http:\/\/desarrollo.grupomedios.com\/futbol\/wp-content\/uploads\/2015\/07\/Herrera-Martinoli-prensa-7.jpg\" data-image=\"http:\/\/desarrollo.grupomedios.com\/futbol\/wp-content\/uploads\/2015\/07\/Herrera-Martinoli-prensa-7.jpg\" data-description=\"Herrera Martinoli prensa 7\"><img alt=\"\" src=\"http:\/\/desarrollo.grupomedios.com\/futbol\/wp-content\/uploads\/2015\/07\/Herrera-Martinoli-prensa-5.jpg\" data-image=\"http:\/\/desarrollo.grupomedios.com\/futbol\/wp-content\/uploads\/2015\/07\/Herrera-Martinoli-prensa-5.jpg\" data-description=\"Herrera Martinoli prensa 5\"><img alt=\"\" src=\"http:\/\/desarrollo.grupomedios.com\/futbol\/wp-content\/uploads\/2015\/07\/Herrera-Martinoli-prensa-6.jpg\" data-image=\"http:\/\/desarrollo.grupomedios.com\/futbol\/wp-content\/uploads\/2015\/07\/Herrera-Martinoli-prensa-6.jpg\" data-description=\"Herrera Martinoli prensa 6\"><img alt=\"\" src=\"http:\/\/desarrollo.grupomedios.com\/futbol\/wp-content\/uploads\/2015\/07\/Herrera-Martinoli-prensa-9.jpg\" data-image=\"http:\/\/desarrollo.grupomedios.com\/futbol\/wp-content\/uploads\/2015\/07\/Herrera-Martinoli-prensa-9.jpg\" data-description=\"Herrera Martinoli prensa 9\"><img alt=\"\" src=\"http:\/\/desarrollo.grupomedios.com\/futbol\/wp-content\/uploads\/2015\/07\/Herrera-Martinoli-prensa-8.jpg\" data-image=\"http:\/\/desarrollo.grupomedios.com\/futbol\/wp-content\/uploads\/2015\/07\/Herrera-Martinoli-prensa-8.jpg\" data-description=\"Herrera Martinoli prensa 8\"><img alt=\"\" src=\"http:\/\/desarrollo.grupomedios.com\/futbol\/wp-content\/uploads\/2015\/07\/Herrera-Martinoli-prensa-1.jpg\" data-image=\"http:\/\/desarrollo.grupomedios.com\/futbol\/wp-content\/uploads\/2015\/07\/Herrera-Martinoli-prensa-1.jpg\" data-description=\"Herrera Martinoli prensa 1\"><img alt=\"\" src=\"http:\/\/desarrollo.grupomedios.com\/futbol\/wp-content\/uploads\/2015\/07\/Herrera-Martinoli-prensa-4.jpg\" data-image=\"http:\/\/desarrollo.grupomedios.com\/futbol\/wp-content\/uploads\/2015\/07\/Herrera-Martinoli-prensa-4.jpg\" data-description=\"Herrera Martinoli prensa 4\"><img alt=\"\" src=\"http:\/\/desarrollo.grupomedios.com\/futbol\/wp-content\/uploads\/2015\/07\/Herrera-Martinoli-prensa-3.jpg\" data-image=\"http:\/\/desarrollo.grupomedios.com\/futbol\/wp-content\/uploads\/2015\/07\/Herrera-Martinoli-prensa-3.jpg\" data-description=\"Herrera Martinoli prensa 3\"><img alt=\"\" src=\"http:\/\/desarrollo.grupomedios.com\/futbol\/wp-content\/uploads\/2015\/07\/Herrera-Martinoli-prensa-2.jpg\" data-image=\"http:\/\/desarrollo.grupomedios.com\/futbol\/wp-content\/uploads\/2015\/07\/Herrera-Martinoli-prensa-2.jpg\" data-description=\"Herrera Martinoli prensa 2\"><img alt=\"\" src=\"http:\/\/desarrollo.grupomedios.com\/futbol\/wp-content\/uploads\/2015\/07\/piojo-martinoli-prensa-10.jpg\" data-image=\"http:\/\/desarrollo.grupomedios.com\/futbol\/wp-content\/uploads\/2015\/07\/piojo-martinoli-prensa-10.jpg\" data-description=\"piojo martinoli prensa 10\"><img alt=\"\" src=\"http:\/\/desarrollo.grupomedios.com\/futbol\/wp-content\/uploads\/2015\/07\/piojo-martinoli-prensa-11.jpg\" data-image=\"http:\/\/desarrollo.grupomedios.com\/futbol\/wp-content\/uploads\/2015\/07\/piojo-martinoli-prensa-11.jpg\" data-description=\"piojo martinoli prensa 11\"><\/div>\n        <script>\n        \/\/galeria 1\n        jQuery(document).ready(function(){ \n            var api;\n            api = jQuery(\"#gallerylzV\").unitegallery({\n                carousel_autoplay: false\n            }); \n        });\n        <\/script>\n        \n<p>&nbsp;<\/p>\n","protected":false},"excerpt":{"rendered":"<p>La agresi\u00f3n del Piojo lleg\u00f3 a o\u00eddos internacionales<\/p>\n","protected":false},"author":20,"featured_media":297012,"comment_status":"open","ping_status":"open","sticky":false,"template":"","format":"standard","meta":[],"categories":[3],"tags":[5849,255],"_links":{"self":[{"href":"http:\/\/desarrollo.grupomedios.com\/futbol\/wp-json\/wp\/v2\/posts\/296997"}],"collection":[{"href":"http:\/\/desarrollo.grupomedios.com\/futbol\/wp-json\/wp\/v2\/posts"}],"about":[{"href":"http:\/\/desarrollo.grupomedios.com\/futbol\/wp-json\/wp\/v2\/types\/post"}],"author":[{"embeddable":true,"href":"http:\/\/desarrollo.grupomedios.com\/futbol\/wp-json\/wp\/v2\/users\/20"}],"replies":[{"embeddable":true,"href":"http:\/\/desarrollo.grupomedios.com\/futbol\/wp-json\/wp\/v2\/comments?post=296997"}],"version-history":[{"count":0,"href":"http:\/\/desarrollo.grupomedios.com\/futbol\/wp-json\/wp\/v2\/posts\/296997\/revisions"}],"wp:featuredmedia":[{"embeddable":true,"href":"http:\/\/desarrollo.grupomedios.com\/futbol\/wp-json\/wp\/v2\/media\/297012"}],"wp:attachment":[{"href":"http:\/\/desarrollo.grupomedios.com\/futbol\/wp-json\/wp\/v2\/media?parent=296997"}],"wp:term":[{"taxonomy":"category","embeddable":true,"href":"http:\/\/desarrollo.grupomedios.com\/futbol\/wp-json\/wp\/v2\/categories?post=296997"},{"taxonomy":"post_tag","embeddable":true,"href":"http:\/\/desarrollo.grupomedios.com\/futbol\/wp-json\/wp\/v2\/tags?post=296997"}],"curies":[{"name":"wp","href":"https:\/\/api.w.org\/{rel}","templated":true}]}}