{"id":297035,"date":"2015-07-27T21:48:43","date_gmt":"2015-07-28T02:48:43","guid":{"rendered":"http:\/\/futboltotal.com.mx\/?p=297035"},"modified":"2015-07-28T08:01:09","modified_gmt":"2015-07-28T13:01:09","slug":"oficial-jorge-benitez-jugador-de-cruz-azul","status":"publish","type":"post","link":"http:\/\/desarrollo.grupomedios.com\/futbol\/destacado-home\/oficial-jorge-benitez-jugador-de-cruz-azul\/2015\/07","title":{"rendered":"OFICIAL: Jorge Ben\u00edtez, jugador de Cruz Azul"},"content":{"rendered":"<p>Este lunes se dio a conocer que <strong>Cruz Azul<\/strong> cerr\u00f3 la contrataci\u00f3n de delantero paraguayo <strong>Jorge Ben\u00edtez<\/strong>. A trav\u00e9s de una imagen que circul\u00f3 en redes sociales, se conoci\u00f3\u00a0sobre el acuerdo entre la entidad <em>cementera<\/em> y el goleador <em>guaran\u00ed<\/em>.<\/p>\n<p>Con la llegada de <strong>Ben\u00edtez<\/strong>, la <em>M\u00e1quina<\/em> cubre su cuarta plaza de extranjero, por lo que a\u00fan tiene una disponible para el <strong>Apertura 2015<\/strong> de la <strong>Liga MX<\/strong>.<\/p>\n<p><strong>Jorge Ben\u00edtez<\/strong>, atacante de 22 a\u00f1os, llega procedente del Olympiacos de Grecia, donde no logr\u00f3 consolidarse como un indiscutible, pues la temporada anterior apenas acumul\u00f3 981 minutos y complet\u00f3 solo cinco encuentros.<\/p>\n<p>Sus n\u00fameros mejoraron sobre el ocaso del curso anterior, donde en las \u00faltimas cinco jornadas perfor\u00f3 en tres ocasiones el marco rival, mientras que a lo largo de la campa\u00f1a logr\u00f3 nueve anotaciones. Seis en liga y tres en Copa.<\/p>\n<p><strong><span style=\"color: #ff0000;\">\u00bfOFICIAL?<\/span><\/strong> En su p\u00e1gina web, <strong>Cruz Azul<\/strong> hace oficial la llegada de <strong>Jorge Ben\u00edtez<\/strong> y <strong>Mat\u00edas Vuoso<\/strong>. Sin embargo, trasciende que la contrataci\u00f3n del <em>Toro<\/em> a\u00fan no se ha cerrado por completo; se especula que a\u00fan falta por definirse el aspecto econ\u00f3mico entre las directivas, la <em>celeste<\/em> y la del <strong>Atlas<\/strong>.<\/p>\n<p>En ese sentido, cabe recordar que una situaci\u00f3n similar se dio con el argentino Pablo Osvaldo y el brasile\u00f1o Guilherme Gusmao, pero al final el acuerdo no se cerr\u00f3 con ninguno de los dos delanteros.<\/p>\n<p><a href=\"http:\/\/futboltotal.com.mx\/wp-content\/uploads\/2015\/07\/altas_cruz_azul.jpg\"><img decoding=\"async\" loading=\"lazy\" class=\"aligncenter size-full wp-image-297037\" src=\"http:\/\/futboltotal.com.mx\/wp-content\/uploads\/2015\/07\/altas_cruz_azul.jpg\" alt=\"altas_cruz_azul\" srcset=\"http:\/\/desarrollo.grupomedios.com\/futbol\/wp-content\/uploads\/2015\/07\/altas_cruz_azul.jpg 600w, http:\/\/desarrollo.grupomedios.com\/futbol\/wp-content\/uploads\/2015\/07\/altas_cruz_azul-300x165.jpg 300w\" sizes=\"(max-width: 600px) 100vw, 600px\" \/><\/a><\/p>\n<p>No obstante, se espera que la firma de <strong>Mat\u00edas Vuoso<\/strong>\u00a0se\u00a0d\u00e9\u00a0ma\u00f1ana. Y con ello, los refuerzos de la <em>M\u00e1quina<\/em> ser\u00e1n presentados el pr\u00f3ximo viernes.<\/p>\n","protected":false},"excerpt":{"rendered":"<p>Aspectos econ\u00f3micos con Atlas, detienen llegada de Mat\u00edas Vuoso<\/p>\n","protected":false},"author":20,"featured_media":297049,"comment_status":"open","ping_status":"open","sticky":false,"template":"","format":"standard","meta":[],"categories":[5,2198,3845],"tags":[5962,331],"_links":{"self":[{"href":"http:\/\/desarrollo.grupomedios.com\/futbol\/wp-json\/wp\/v2\/posts\/297035"}],"collection":[{"href":"http:\/\/desarrollo.grupomedios.com\/futbol\/wp-json\/wp\/v2\/posts"}],"about":[{"href":"http:\/\/desarrollo.grupomedios.com\/futbol\/wp-json\/wp\/v2\/types\/post"}],"author":[{"embeddable":true,"href":"http:\/\/desarrollo.grupomedios.com\/futbol\/wp-json\/wp\/v2\/users\/20"}],"replies":[{"embeddable":true,"href":"http:\/\/desarrollo.grupomedios.com\/futbol\/wp-json\/wp\/v2\/comments?post=297035"}],"version-history":[{"count":0,"href":"http:\/\/desarrollo.grupomedios.com\/futbol\/wp-json\/wp\/v2\/posts\/297035\/revisions"}],"wp:featuredmedia":[{"embeddable":true,"href":"http:\/\/desarrollo.grupomedios.com\/futbol\/wp-json\/wp\/v2\/media\/297049"}],"wp:attachment":[{"href":"http:\/\/desarrollo.grupomedios.com\/futbol\/wp-json\/wp\/v2\/media?parent=297035"}],"wp:term":[{"taxonomy":"category","embeddable":true,"href":"http:\/\/desarrollo.grupomedios.com\/futbol\/wp-json\/wp\/v2\/categories?post=297035"},{"taxonomy":"post_tag","embeddable":true,"href":"http:\/\/desarrollo.grupomedios.com\/futbol\/wp-json\/wp\/v2\/tags?post=297035"}],"curies":[{"name":"wp","href":"https:\/\/api.w.org\/{rel}","templated":true}]}}