{"id":297050,"date":"2015-07-28T09:05:22","date_gmt":"2015-07-28T14:05:22","guid":{"rendered":"http:\/\/futboltotal.com.mx\/?p=297050"},"modified":"2015-07-28T09:49:34","modified_gmt":"2015-07-28T14:49:34","slug":"arturo-vidal-firma-hasta-2019-con-bayern-munich","status":"publish","type":"post","link":"http:\/\/desarrollo.grupomedios.com\/futbol\/futbol-internacional\/arturo-vidal-firma-hasta-2019-con-bayern-munich\/2015\/07","title":{"rendered":"Arturo Vidal, de regreso a la Bundesliga"},"content":{"rendered":"<p>Ya estuvo en Alemania pero no consigui\u00f3 t\u00edtulo alguno, ahora <strong>Arturo Vidal<\/strong> tiene m\u00e1s posibilidades que nunca, luego de que se confirm\u00f3 su acuerdo con el <strong>Bayern Munich<\/strong> hasta 2019.<\/p>\n<blockquote class=\"twitter-tweet\" lang=\"es\">\n<p dir=\"ltr\" lang=\"und\"><a href=\"https:\/\/twitter.com\/hashtag\/ServusArturo?src=hash\">#ServusArturo<\/a> <a href=\"https:\/\/t.co\/SU8Sj8LKYv\">https:\/\/t.co\/SU8Sj8LKYv<\/a><\/p>\n<p>\u2014 FC Bayern M\u00fcnchen (@FCBayern) <a href=\"https:\/\/twitter.com\/FCBayern\/status\/626023629214601216\">julio 28, 2015<\/a><\/p><\/blockquote>\n<p><script src=\"\/\/platform.twitter.com\/widgets.js\" async=\"\" charset=\"utf-8\"><\/script><\/p>\n<p>Vidal seguir\u00e1 vistiendo el dorsal 23, y se espera que cubra el sitio en el sector medio del campo que dej\u00f3 vacante Bastian Schweinsteiger.<\/p>\n<p>A su llegada al gigante alem\u00e1n, Arturo no ocult\u00f3 su felicidad y acept\u00f3 lo importante que es el nuevo desaf\u00edo de su carrera.<\/p>\n<p>&#8220;Estoy muy feliz. Este es un nuevo paso en mi carrera y espero hacer bien las cosas aqu\u00ed. Quiero ayudar al equipo y ganar t\u00edtulos. Para m\u00ed, es un sue\u00f1o hecho realidad&#8221;, acot\u00f3 para el portal oficial de la instituci\u00f3n.<\/p>\n<p>Preguntado acerca de las razones de su cambio, Aruro Vidal se\u00f1al\u00f3 que era algo necesario y que el Bayern Munich es un equipo con el que se visualiza con varios t\u00edtulos, siendo la prioridad el dominar Europa.<\/p>\n<p>&#8220;Yo quer\u00eda dar un gran paso en mi carrera. Me gustar\u00eda desarrollarme como futbolista y ganar t\u00edtulos importantes como la Liga de Campeones. Con el Bayern veo m\u00e1s posibilidades de conseguirlo&#8221;, refiri\u00f3 el chileno luego de firmar su contrato.<\/p>\n<p><strong>Arturo Vidal<\/strong> ya cont\u00f3 con una paso exitoso en la Bundesliga entre 2008 y 2011 con el Bayer Leverkusen, en lo individual m\u00e1s que en lo colectivo, pero llega con el hambre de ganar el t\u00edtulo de liga y por regresar a una liga super competitiva.<\/p>\n<p>&#8220;Estoy emocionado de jugar en la Bundesliga de nuevo y sin duda espero ganar esta. Con Leverkusen no se logr\u00f3, pero con el Bayern las posibilidades son muy, muy buenas&#8221;, sentenci\u00f3 Vidal.<\/p>\n<p><iframe loading=\"lazy\" src=\"https:\/\/www.youtube.com\/embed\/-oY0i254u3Y\" frameborder=\"0\" allowfullscreen=\"allowfullscreen\"><\/iframe><\/p>\n","protected":false},"excerpt":{"rendered":"<p>El chileno llega como el fichaje de lujo para el Bayern Munich<\/p>\n","protected":false},"author":20,"featured_media":297080,"comment_status":"open","ping_status":"open","sticky":false,"template":"","format":"standard","meta":[],"categories":[3839,3844],"tags":[2962,2056],"_links":{"self":[{"href":"http:\/\/desarrollo.grupomedios.com\/futbol\/wp-json\/wp\/v2\/posts\/297050"}],"collection":[{"href":"http:\/\/desarrollo.grupomedios.com\/futbol\/wp-json\/wp\/v2\/posts"}],"about":[{"href":"http:\/\/desarrollo.grupomedios.com\/futbol\/wp-json\/wp\/v2\/types\/post"}],"author":[{"embeddable":true,"href":"http:\/\/desarrollo.grupomedios.com\/futbol\/wp-json\/wp\/v2\/users\/20"}],"replies":[{"embeddable":true,"href":"http:\/\/desarrollo.grupomedios.com\/futbol\/wp-json\/wp\/v2\/comments?post=297050"}],"version-history":[{"count":0,"href":"http:\/\/desarrollo.grupomedios.com\/futbol\/wp-json\/wp\/v2\/posts\/297050\/revisions"}],"wp:featuredmedia":[{"embeddable":true,"href":"http:\/\/desarrollo.grupomedios.com\/futbol\/wp-json\/wp\/v2\/media\/297080"}],"wp:attachment":[{"href":"http:\/\/desarrollo.grupomedios.com\/futbol\/wp-json\/wp\/v2\/media?parent=297050"}],"wp:term":[{"taxonomy":"category","embeddable":true,"href":"http:\/\/desarrollo.grupomedios.com\/futbol\/wp-json\/wp\/v2\/categories?post=297050"},{"taxonomy":"post_tag","embeddable":true,"href":"http:\/\/desarrollo.grupomedios.com\/futbol\/wp-json\/wp\/v2\/tags?post=297050"}],"curies":[{"name":"wp","href":"https:\/\/api.w.org\/{rel}","templated":true}]}}