{"id":297157,"date":"2015-07-28T14:10:56","date_gmt":"2015-07-28T19:10:56","guid":{"rendered":"http:\/\/futboltotal.com.mx\/?p=297157"},"modified":"2015-07-28T14:16:35","modified_gmt":"2015-07-28T19:16:35","slug":"benzema-se-despide-del-real-madrid","status":"publish","type":"post","link":"http:\/\/desarrollo.grupomedios.com\/futbol\/futbol-internacional\/benzema-se-despide-del-real-madrid\/2015\/07","title":{"rendered":"Benzema, \u00bfse despide del Real Madrid?"},"content":{"rendered":"<p>Mientras el <strong>Real Madrid<\/strong> se encuentra en su gira por Shanghai, <strong>Karim Benzema<\/strong> causa revuelo por su \u00faltimo posteo en <em>Instagram<\/em>, con una sorpresiva foto en la que el crack franc\u00e9s aparece muy feliz en un avi\u00f3n privado, generando todo tipo de especulaciones en el planeta futbol sobre\u00a0cu\u00e1l ser\u00e1 su futuro inmediato.<\/p>\n<p>Lo de Benzema se ha interpretado como un adi\u00f3s y surgen como sus pr\u00f3ximos\u00a0destinos dos entidades que llevan tiempo batallando por sus servicios: <strong>Manchester United<\/strong> y <strong>Arsenal<\/strong>.<\/p>\n<p>El Manchester United en palabras de su director t\u00e9cnico Louis Van Gaal, tiene en mente un fichaje sorpresa para el ataque; por su parte, el Arsenal, desminti\u00f3 alg\u00fan inter\u00e9s por Karim pero los medios ingleses lo colocan como la alternativa m\u00e1s viable para la ofensiva de los <em>Gunners<\/em>.<\/p>\n<blockquote class=\"instagram-media\" style=\"background: #FFF; border: 0; border-radius: 3px; box-shadow: 0 0 1px 0 rgba(0,0,0,0.5),0 1px 10px 0 rgba(0,0,0,0.15); margin: 1px; max-width: 658px; padding: 0; width: calc(100% - 2px);\" data-instgrm-captioned=\"\" data-instgrm-version=\"4\">\n<div style=\"padding: 8px;\">\n<div style=\"background: #F8F8F8; line-height: 0; margin-top: 40px; padding: 50% 0; text-align: center; width: 100%;\"><\/div>\n<p style=\"margin: 8px 0 0 0; padding: 0 4px;\"><a style=\"color: #000; font-family: Arial,sans-serif; font-size: 14px; font-style: normal; font-weight: normal; line-height: 17px; text-decoration: none; word-wrap: break-word;\" href=\"https:\/\/instagram.com\/p\/5rcgHWF3ca\/\" target=\"_top\">Laissons le pass\u00e9 au pass\u00e9.. #rip #directionturfu<\/a><\/p>\n<p style=\"color: #c9c8cd; font-family: Arial,sans-serif; font-size: 14px; line-height: 17px; margin-bottom: 0; margin-top: 8px; overflow: hidden; padding: 8px 0 7px; text-align: center; text-overflow: ellipsis; white-space: nowrap;\">Una foto publicada por Karim Benzema (@karimbenzema) el <time style=\"font-family: Arial,sans-serif; font-size: 14px; line-height: 17px;\" datetime=\"2015-07-28T11:52:53+00:00\">28 de Jul de 2015 a la(s) 4:52 PDT<\/time><\/p>\n<\/div>\n<\/blockquote>\n<p><script src=\"\/\/platform.instagram.com\/en_US\/embeds.js\" async=\"\" defer=\"defer\"><\/script><\/p>\n<p>&#8220;Vamos a dejar el pasado en el pasado&#8221;, acota el delantero franc\u00e9s, acompa\u00f1ado del hashtag #directionturfu.<\/p>\n<p><strong>Karim Benzema<\/strong> cuenta con un acuerdo firmado con el Real Madrid hasta 2019, pero el enigm\u00e1tico mensaje hace dudar de su continuidad en el proyecto <em>merengue<\/em> y las siguientes horas ser\u00e1n cruciales para resolver todo tipo de cuestiones.<\/p>\n","protected":false},"excerpt":{"rendered":"<p>El astro franc\u00e9s colg\u00f3 del Instagram una foto viajando en un jet privado <\/p>\n","protected":false},"author":20,"featured_media":297166,"comment_status":"open","ping_status":"open","sticky":false,"template":"","format":"standard","meta":[],"categories":[3839,3844,3846],"tags":[6044,1961,43],"_links":{"self":[{"href":"http:\/\/desarrollo.grupomedios.com\/futbol\/wp-json\/wp\/v2\/posts\/297157"}],"collection":[{"href":"http:\/\/desarrollo.grupomedios.com\/futbol\/wp-json\/wp\/v2\/posts"}],"about":[{"href":"http:\/\/desarrollo.grupomedios.com\/futbol\/wp-json\/wp\/v2\/types\/post"}],"author":[{"embeddable":true,"href":"http:\/\/desarrollo.grupomedios.com\/futbol\/wp-json\/wp\/v2\/users\/20"}],"replies":[{"embeddable":true,"href":"http:\/\/desarrollo.grupomedios.com\/futbol\/wp-json\/wp\/v2\/comments?post=297157"}],"version-history":[{"count":0,"href":"http:\/\/desarrollo.grupomedios.com\/futbol\/wp-json\/wp\/v2\/posts\/297157\/revisions"}],"wp:featuredmedia":[{"embeddable":true,"href":"http:\/\/desarrollo.grupomedios.com\/futbol\/wp-json\/wp\/v2\/media\/297166"}],"wp:attachment":[{"href":"http:\/\/desarrollo.grupomedios.com\/futbol\/wp-json\/wp\/v2\/media?parent=297157"}],"wp:term":[{"taxonomy":"category","embeddable":true,"href":"http:\/\/desarrollo.grupomedios.com\/futbol\/wp-json\/wp\/v2\/categories?post=297157"},{"taxonomy":"post_tag","embeddable":true,"href":"http:\/\/desarrollo.grupomedios.com\/futbol\/wp-json\/wp\/v2\/tags?post=297157"}],"curies":[{"name":"wp","href":"https:\/\/api.w.org\/{rel}","templated":true}]}}