{"id":297180,"date":"2015-07-28T13:59:16","date_gmt":"2015-07-28T18:59:16","guid":{"rendered":"http:\/\/futboltotal.com.mx\/?p=297180"},"modified":"2015-07-28T15:14:30","modified_gmt":"2015-07-28T20:14:30","slug":"matias-vuoso-refuerza-delantera-del-cruz-azul","status":"publish","type":"post","link":"http:\/\/desarrollo.grupomedios.com\/futbol\/destacado-home\/matias-vuoso-refuerza-delantera-del-cruz-azul\/2015\/07","title":{"rendered":"Mat\u00edas Vuoso refuerza delantera del Cruz Azul"},"content":{"rendered":"<p>Aunque el Apertura 2015 comenz\u00f3, la falta de variantes en el ataque oblig\u00f3 al <a href=\"http:\/\/futboltotal.com.mx\/equipos\/cruz-azul\/\" target=\"_blank\"><strong>Cruz Azul<\/strong><\/a> a reforzar dicha l\u00ednea, por ello concret\u00f3 la contrataci\u00f3n de <strong>Mat\u00edas Vuoso<\/strong>, quien brillara con la Selecci\u00f3n Mexicana en la Copa Am\u00e9rica Chile 2015.<\/p>\n<p>Luego de d\u00edas de incertidumbre, donde a la <em>M\u00e1quina<\/em> se le cayeron negociaciones de \u00faltimo momento como Guilherme Gusmao, Daniel Osvaldo y Manuel Mart\u00ednez; en la Noria llegaron a un acuerdo con el <em>Toro<\/em>, quien por su parte ya barajaba la posibilidad de ir al extranjero por la ausencia de inter\u00e9s de clubes mexicanos.<\/p>\n<p><strong>Mat\u00edas Vuoso<\/strong> es un viejo conocido del t\u00e9cnico Sergio Bueno, porque en el a\u00f1o futbol\u00edstico anterior fue el referente ofensivo del Chiapas.<\/p>\n<blockquote class=\"twitter-tweet\" lang=\"es\">\n<p dir=\"ltr\" lang=\"es\">\u00a1Bienvenido Vicente Mat\u00edas Vuoso! <a href=\"https:\/\/twitter.com\/hashtag\/LealtadAzul?src=hash\">#LealtadAzul<\/a> <a href=\"http:\/\/t.co\/KcF4E353Ma\">http:\/\/t.co\/KcF4E353Ma<\/a> <a href=\"http:\/\/t.co\/0dhCQWFF8t\">pic.twitter.com\/0dhCQWFF8t<\/a><\/p>\n<p>\u2014 CRUZ AZUL FC \u00ae (@Cruz_Azul_FC) <a href=\"https:\/\/twitter.com\/Cruz_Azul_FC\/status\/626113389564166144\">julio 28, 2015<\/a><\/p><\/blockquote>\n<p><script src=\"\/\/platform.twitter.com\/widgets.js\" async=\"\" charset=\"utf-8\"><\/script>Si bien el mercado de contrataciones en la Liga MX se cerr\u00f3 hace varias semanas, el delantero de 33 a\u00f1os de edad ten\u00eda la oportunidad de buscar acomodo en la Liga MX porque particip\u00f3 con en <em>Tri<\/em> en la Copa Am\u00e9rica. Adem\u00e1s de <strong>Mat\u00edas Vuoso<\/strong>, <strong>Cruz Azul<\/strong> <a href=\"http:\/\/futboltotal.com.mx\/2015\/07\/oficial-jorge-benitez-jugador-de-cruz-azul\/\" target=\"_blank\">se hizo con el ariete paraguayo Jorge Ben\u00edtez<\/a> que llega procedente del Olympiakos de Grecia. Los <em>Celestes<\/em> comenzaron el Apertura 2015 con el pie izquierdo, pues fueron goleados 0-3 por Morelia, por ello se preparan para enderezar el camino el pr\u00f3ximo fin de semana cuando se enfrenten a Chivas.<\/p>\n<blockquote class=\"twitter-tweet\" lang=\"es\"><p>\n\u00a1Bienvenido Jorge Daniel Ben\u00edtez! <a href=\"https:\/\/twitter.com\/hashtag\/LealtadAzul?src=hash\">#LealtadAzul<\/a> <a href=\"http:\/\/t.co\/KcF4E353Ma\">http:\/\/t.co\/KcF4E353Ma<\/a> <a href=\"http:\/\/t.co\/jURbEaPJoR\">pic.twitter.com\/jURbEaPJoR<\/a><\/p>\n<p>\u2014 CRUZ AZUL FC \u00ae (@Cruz_Azul_FC) <a href=\"https:\/\/twitter.com\/Cruz_Azul_FC\/status\/626113868973129728\">julio 28, 2015<\/a>\n<\/p><\/blockquote>\n<p><script src=\"\/\/platform.twitter.com\/widgets.js\" async=\"\" charset=\"utf-8\"><\/script><\/p>\n","protected":false},"excerpt":{"rendered":"<p>La M\u00e1quina anunci\u00f3 el fichaje del Toro <\/p>\n","protected":false},"author":20,"featured_media":297181,"comment_status":"open","ping_status":"open","sticky":false,"template":"","format":"standard","meta":[],"categories":[5,2198,3845],"tags":[5962,331],"_links":{"self":[{"href":"http:\/\/desarrollo.grupomedios.com\/futbol\/wp-json\/wp\/v2\/posts\/297180"}],"collection":[{"href":"http:\/\/desarrollo.grupomedios.com\/futbol\/wp-json\/wp\/v2\/posts"}],"about":[{"href":"http:\/\/desarrollo.grupomedios.com\/futbol\/wp-json\/wp\/v2\/types\/post"}],"author":[{"embeddable":true,"href":"http:\/\/desarrollo.grupomedios.com\/futbol\/wp-json\/wp\/v2\/users\/20"}],"replies":[{"embeddable":true,"href":"http:\/\/desarrollo.grupomedios.com\/futbol\/wp-json\/wp\/v2\/comments?post=297180"}],"version-history":[{"count":0,"href":"http:\/\/desarrollo.grupomedios.com\/futbol\/wp-json\/wp\/v2\/posts\/297180\/revisions"}],"wp:featuredmedia":[{"embeddable":true,"href":"http:\/\/desarrollo.grupomedios.com\/futbol\/wp-json\/wp\/v2\/media\/297181"}],"wp:attachment":[{"href":"http:\/\/desarrollo.grupomedios.com\/futbol\/wp-json\/wp\/v2\/media?parent=297180"}],"wp:term":[{"taxonomy":"category","embeddable":true,"href":"http:\/\/desarrollo.grupomedios.com\/futbol\/wp-json\/wp\/v2\/categories?post=297180"},{"taxonomy":"post_tag","embeddable":true,"href":"http:\/\/desarrollo.grupomedios.com\/futbol\/wp-json\/wp\/v2\/tags?post=297180"}],"curies":[{"name":"wp","href":"https:\/\/api.w.org\/{rel}","templated":true}]}}