{"id":297331,"date":"2015-07-29T10:33:58","date_gmt":"2015-07-29T15:33:58","guid":{"rendered":"http:\/\/futboltotal.com.mx\/?p=297331"},"modified":"2015-07-29T13:25:43","modified_gmt":"2015-07-29T18:25:43","slug":"escalofriante-lesion-puede-dejarlo-paraplejico","status":"publish","type":"post","link":"http:\/\/desarrollo.grupomedios.com\/futbol\/videos\/escalofriante-lesion-puede-dejarlo-paraplejico\/2015\/07","title":{"rendered":"Escalofriante lesi\u00f3n puede dejarlo parapl\u00e9jico"},"content":{"rendered":"<p>De la manera m\u00e1s intempestiva el futbolista egipcio <strong>Rodi N&#8217;Daye<\/strong> tiene en vilo su carrera futbol\u00edstica despu\u00e9s de sufrir una estrepitosa ca\u00edda y una grave lesi\u00f3n en las v\u00e9rtebras cervicales.<\/p>\n<p>En pleno partido, Rodi, delantero de los Leopard, peg\u00f3 un pique al \u00e1rea para tratar de conectar un pase filtrado, cuando estaba cerca de puntear el esf\u00e9rico, el portero del Zamalek sali\u00f3 a cortar la bola y lo hizo de manera limpia, pero la inercia de la barrida ocasion\u00f3 que Rodi se trompicara y al momento de caer sufri\u00f3 un duro golpe de cabeza y se tron\u00f3 las cervicales.<\/p>\n<p>La peor parte vino despu\u00e9s. Rodi qued\u00f3 pr\u00e1cticamente inm\u00f3vil y sufri\u00f3 una inflamaci\u00f3n de la m\u00e9dula espinal. El cuerpo m\u00e9dico del club pudo hacer poco y tuvieron que trasladarlo al hospital para valorarlo y someterlo a una cirug\u00eda.<\/p>\n<p>La carrera del delantero est\u00e1 en peligro, pues a consecuencia del golpe puede quedar parapl\u00e9jico y verse obligado a colgar las botas.<\/p>\n<p><iframe loading=\"lazy\" src=\"https:\/\/www.youtube.com\/embed\/JbDTUwiXVvM\" frameborder=\"0\" allowfullscreen=\"allowfullscreen\"><\/iframe><\/p>\n<div id=\"copia\"><\/div>\n","protected":false},"excerpt":{"rendered":"<p>El  delantero egipcio Rodi N&#8217;Daye cay\u00f3 de cabeza y se tron\u00f3 las cervicales<\/p>\n","protected":false},"author":20,"featured_media":297334,"comment_status":"open","ping_status":"open","sticky":false,"template":"","format":"standard","meta":[],"categories":[3839,4],"tags":[1245],"_links":{"self":[{"href":"http:\/\/desarrollo.grupomedios.com\/futbol\/wp-json\/wp\/v2\/posts\/297331"}],"collection":[{"href":"http:\/\/desarrollo.grupomedios.com\/futbol\/wp-json\/wp\/v2\/posts"}],"about":[{"href":"http:\/\/desarrollo.grupomedios.com\/futbol\/wp-json\/wp\/v2\/types\/post"}],"author":[{"embeddable":true,"href":"http:\/\/desarrollo.grupomedios.com\/futbol\/wp-json\/wp\/v2\/users\/20"}],"replies":[{"embeddable":true,"href":"http:\/\/desarrollo.grupomedios.com\/futbol\/wp-json\/wp\/v2\/comments?post=297331"}],"version-history":[{"count":0,"href":"http:\/\/desarrollo.grupomedios.com\/futbol\/wp-json\/wp\/v2\/posts\/297331\/revisions"}],"wp:featuredmedia":[{"embeddable":true,"href":"http:\/\/desarrollo.grupomedios.com\/futbol\/wp-json\/wp\/v2\/media\/297334"}],"wp:attachment":[{"href":"http:\/\/desarrollo.grupomedios.com\/futbol\/wp-json\/wp\/v2\/media?parent=297331"}],"wp:term":[{"taxonomy":"category","embeddable":true,"href":"http:\/\/desarrollo.grupomedios.com\/futbol\/wp-json\/wp\/v2\/categories?post=297331"},{"taxonomy":"post_tag","embeddable":true,"href":"http:\/\/desarrollo.grupomedios.com\/futbol\/wp-json\/wp\/v2\/tags?post=297331"}],"curies":[{"name":"wp","href":"https:\/\/api.w.org\/{rel}","templated":true}]}}