{"id":297531,"date":"2015-07-29T22:48:42","date_gmt":"2015-07-30T03:48:42","guid":{"rendered":"http:\/\/futboltotal.com.mx\/?p=297531"},"modified":"2015-07-29T22:50:10","modified_gmt":"2015-07-30T03:50:10","slug":"van-gaal-confiara-en-chicharito","status":"publish","type":"post","link":"http:\/\/desarrollo.grupomedios.com\/futbol\/futbol-internacional\/van-gaal-confiara-en-chicharito\/2015\/07","title":{"rendered":"Van Gaal confiar\u00e1 en Chicharito"},"content":{"rendered":"<p>El estratega del Manchester United, <strong>Louis Van Gaal<\/strong>, dijo que <strong>Javier el Chicharito Hern\u00e1ndez<\/strong> tiene posibilidades de sumar minutos con el equipo, en la temporada 2015-16, pues, seg\u00fan el t\u00e9cnico, podr\u00eda ser un gran relevo para el equipo.<\/p>\n<p>Van Gaal asegur\u00f3 que la ofensiva del Manchester United est\u00e1 lo suficientemente cubierta para cubrir una posible baja de Wayne Rooney, raz\u00f3n por la cual, el <strong>Chicharito<\/strong> podr\u00eda ver actividad en la Liga Premier.<\/p>\n<p>&#8220;Ustedes han visto a Janzuaj, y en dos semanas a <strong>Chicharito<\/strong>, o tal vez compre otro delantero. Tengo que evaluar siempre el proceso&#8221;, explic\u00f3 <strong>Louis Van Gaal<\/strong>.<\/p>\n<p>En caso de que no llegue otro atacante al equipo, Van Gaal conf\u00eda en que cualquiera de sus elementos salve la ofensiva sin complicaci\u00f3n.<\/p>\n<p>&#8220;Todo depende de Januzaj, <strong>Chicharito<\/strong> o Wilson, y Depay tambi\u00e9n puede jugar en una posici\u00f3n de delantero&#8221;, sentenci\u00f3 el entrenador de los <em>Red Devils<\/em>.<\/p>\n","protected":false},"excerpt":{"rendered":"<p>El t\u00e9cnico de Manchester asegur\u00f3 que CH14 tiene posibilidades de jugar<\/p>\n","protected":false},"author":20,"featured_media":297534,"comment_status":"open","ping_status":"open","sticky":false,"template":"","format":"standard","meta":[],"categories":[3839,3844,3846],"tags":[549,427,780,43],"_links":{"self":[{"href":"http:\/\/desarrollo.grupomedios.com\/futbol\/wp-json\/wp\/v2\/posts\/297531"}],"collection":[{"href":"http:\/\/desarrollo.grupomedios.com\/futbol\/wp-json\/wp\/v2\/posts"}],"about":[{"href":"http:\/\/desarrollo.grupomedios.com\/futbol\/wp-json\/wp\/v2\/types\/post"}],"author":[{"embeddable":true,"href":"http:\/\/desarrollo.grupomedios.com\/futbol\/wp-json\/wp\/v2\/users\/20"}],"replies":[{"embeddable":true,"href":"http:\/\/desarrollo.grupomedios.com\/futbol\/wp-json\/wp\/v2\/comments?post=297531"}],"version-history":[{"count":0,"href":"http:\/\/desarrollo.grupomedios.com\/futbol\/wp-json\/wp\/v2\/posts\/297531\/revisions"}],"wp:featuredmedia":[{"embeddable":true,"href":"http:\/\/desarrollo.grupomedios.com\/futbol\/wp-json\/wp\/v2\/media\/297534"}],"wp:attachment":[{"href":"http:\/\/desarrollo.grupomedios.com\/futbol\/wp-json\/wp\/v2\/media?parent=297531"}],"wp:term":[{"taxonomy":"category","embeddable":true,"href":"http:\/\/desarrollo.grupomedios.com\/futbol\/wp-json\/wp\/v2\/categories?post=297531"},{"taxonomy":"post_tag","embeddable":true,"href":"http:\/\/desarrollo.grupomedios.com\/futbol\/wp-json\/wp\/v2\/tags?post=297531"}],"curies":[{"name":"wp","href":"https:\/\/api.w.org\/{rel}","templated":true}]}}