{"id":297559,"date":"2015-07-30T10:15:30","date_gmt":"2015-07-30T15:15:30","guid":{"rendered":"http:\/\/futboltotal.com.mx\/?p=297559"},"modified":"2015-07-30T10:17:07","modified_gmt":"2015-07-30T15:17:07","slug":"pablo-osvaldo-seria-el-proximo-atacante-de-porto","status":"publish","type":"post","link":"http:\/\/desarrollo.grupomedios.com\/futbol\/futbol-internacional\/liga-de-espana\/pablo-osvaldo-seria-el-proximo-atacante-de-porto\/2015\/07","title":{"rendered":"Pablo Osvaldo ser\u00eda el pr\u00f3ximo atacante de Porto"},"content":{"rendered":"<p><strong>Pablo Daniel Osvaldo<\/strong> era una posibilidad latente de fichaje para el Cruz Azul en el verano pero sus altas pretensiones econ\u00f3micas hicieron que la alternativa de llegar al futbol mexicano se esfumara. Las opciones que el mercado y su representante manejaban, lo ubicaban muy cerca del Betis, aunque nuevamente diferencias a la hora del acuerdo parece que dan por culminado el trato. <\/p>\n<p>Pero con en el \u00edtalo-argentino nada es predecible y los \u00faltimos reportes indican que su destino estar\u00eda con el <strong>Porto<\/strong>, donde se convertir\u00eda en la referencia de ataque del cuadro lusitano para el curso 2015-2016. <\/p>\n<p>En el d\u00eda de ayer fue Eduardo Maci\u00e0 el que apunt\u00f3 en <em>firenzeviola.it<\/em> la dificultad del asunto en lo referente a un acuerdo con el Betis: &#8220;La situaci\u00f3n es dif\u00edcil&#8221;.<\/p>\n<p>Ante la baja de Jackson Mart\u00ednez como su punta goleador, Julen Lopetegui ha sondeado el mercado y adem\u00e1s de buscar la contrataci\u00f3n de Ra\u00fal Jim\u00e9nez, ahora es Osvaldo el que de acuerdo al diario <em>A Bola<\/em>, est\u00e1 m\u00e1s cerca de unirse al proyecto deportivo de la instituci\u00f3n. <\/p>\n<p>Los mismos reportes indican que Osvaldo, de 29 a\u00f1os, podr\u00eda llegar en las pr\u00f3ximas horas a Portugal para cerrar su fichaje con los <em>Dragones<\/em>. <\/p>\n<p>De concretarse la compra del Porto por Osvaldo, el exseleccionado italiano competir\u00e1 por un puesto como titular con Vincent Aboubakar, Alberto Bueno y Andr\u00e9 Silva. <\/p>\n","protected":false},"excerpt":{"rendered":"<p>Medios portugueses se\u00f1alan que hoy podr\u00eda cerrarse el acuerdo <\/p>\n","protected":false},"author":20,"featured_media":297577,"comment_status":"open","ping_status":"open","sticky":false,"template":"","format":"standard","meta":[],"categories":[3844],"tags":[5779,6077],"_links":{"self":[{"href":"http:\/\/desarrollo.grupomedios.com\/futbol\/wp-json\/wp\/v2\/posts\/297559"}],"collection":[{"href":"http:\/\/desarrollo.grupomedios.com\/futbol\/wp-json\/wp\/v2\/posts"}],"about":[{"href":"http:\/\/desarrollo.grupomedios.com\/futbol\/wp-json\/wp\/v2\/types\/post"}],"author":[{"embeddable":true,"href":"http:\/\/desarrollo.grupomedios.com\/futbol\/wp-json\/wp\/v2\/users\/20"}],"replies":[{"embeddable":true,"href":"http:\/\/desarrollo.grupomedios.com\/futbol\/wp-json\/wp\/v2\/comments?post=297559"}],"version-history":[{"count":0,"href":"http:\/\/desarrollo.grupomedios.com\/futbol\/wp-json\/wp\/v2\/posts\/297559\/revisions"}],"wp:featuredmedia":[{"embeddable":true,"href":"http:\/\/desarrollo.grupomedios.com\/futbol\/wp-json\/wp\/v2\/media\/297577"}],"wp:attachment":[{"href":"http:\/\/desarrollo.grupomedios.com\/futbol\/wp-json\/wp\/v2\/media?parent=297559"}],"wp:term":[{"taxonomy":"category","embeddable":true,"href":"http:\/\/desarrollo.grupomedios.com\/futbol\/wp-json\/wp\/v2\/categories?post=297559"},{"taxonomy":"post_tag","embeddable":true,"href":"http:\/\/desarrollo.grupomedios.com\/futbol\/wp-json\/wp\/v2\/tags?post=297559"}],"curies":[{"name":"wp","href":"https:\/\/api.w.org\/{rel}","templated":true}]}}