{"id":297619,"date":"2015-07-30T11:30:47","date_gmt":"2015-07-30T16:30:47","guid":{"rendered":"http:\/\/futboltotal.com.mx\/?p=297619"},"modified":"2015-07-30T11:36:00","modified_gmt":"2015-07-30T16:36:00","slug":"didier-drogba-desata-la-locura-en-aeropuerto","status":"publish","type":"post","link":"http:\/\/desarrollo.grupomedios.com\/futbol\/videos\/didier-drogba-desata-la-locura-en-aeropuerto\/2015\/07","title":{"rendered":"Didier Drogba desata la locura en aeropuerto"},"content":{"rendered":"<p>Las redes sociales muestran infinidad de cosas de lo que suceden en el mundo. En la actualidad, es complicado vivir sin ellas y son una forma de acercarnos a los \u00eddolos futbol\u00edsticos con los que contamos y viceversa, porque personas como <strong>Didier Drogba<\/strong> tambi\u00e9n las usan para fomentar los momentos inolvidables con sus fieles seguidores.<\/p>\n<p>Un ejemplo de ello lo manifest\u00f3 a su llegada a Montreal para adentrarse en su nueva aventura con el Impact. En primera instancia el crack marfile\u00f1o se relaj\u00f3, disfrut\u00f3 como nunca su viaje y se dio el lujo de sentarse muy cerca de los controles del avi\u00f3n.<\/p>\n<blockquote class=\"twitter-tweet\" lang=\"es\">\n<p lang=\"en\" dir=\"ltr\">On my way to <a href=\"https:\/\/twitter.com\/impactmontreal\">@impactmontreal<\/a> &#10;En route pour <a href=\"https:\/\/twitter.com\/impactmontreal\">@impactmontreal<\/a> &#10;\u2708\ufe0f\u2708\ufe0f\u2708\ufe0f\u2708\ufe0f\u2708\ufe0f\u2708\ufe0f\u2708\ufe0f\u2708\ufe0f\u2708\ufe0f\u2708\ufe0f &#10;<a href=\"https:\/\/twitter.com\/hashtag\/newchallenge?src=hash\">#newchallenge<\/a> <a href=\"https:\/\/twitter.com\/hashtag\/newadventure?src=hash\">#newadventure<\/a> <a href=\"http:\/\/t.co\/ukZcMm0KgY\">pic.twitter.com\/ukZcMm0KgY<\/a><\/p>\n<p>&mdash; Didier Drogba (@didierdrogba) <a href=\"https:\/\/twitter.com\/didierdrogba\/status\/626380928085032960\">julio 29, 2015<\/a><\/p><\/blockquote>\n<p><script async src=\"\/\/platform.twitter.com\/widgets.js\" charset=\"utf-8\"><\/script><\/p>\n<p>A su llegada Montreal, todo se multiplic\u00f3, en especial los gritos de los fan\u00e1ticos a la expectativa de estar a solo un lado de su \u00eddolo: Didier Drogba, provocando la locura en el aeropuerto. <\/p>\n<blockquote class=\"twitter-tweet\" lang=\"es\">\n<p lang=\"en\" dir=\"ltr\">First steps on Canadian soil,&#10; What a welcome <a href=\"https:\/\/twitter.com\/impactmontreal\">@impactmontreal<\/a> ?????? <a href=\"http:\/\/t.co\/L2B2Lpzf5g\">pic.twitter.com\/L2B2Lpzf5g<\/a><\/p>\n<p>&mdash; Didier Drogba (@didierdrogba) <a href=\"https:\/\/twitter.com\/didierdrogba\/status\/626505081874202624\">julio 29, 2015<\/a><\/p><\/blockquote>\n<p><script async src=\"\/\/platform.twitter.com\/widgets.js\" charset=\"utf-8\"><\/script><\/p>\n<p>El jugador internacional de 37 a\u00f1os ha firmado un contrato con el Impact por 18 meses y tres millones de d\u00f3lares por temporada despu\u00e9s que el Fire de Chicago le cedido los derechos de Jugador Designado al equipo canadiense.<\/p>\n","protected":false},"excerpt":{"rendered":"<p>El marfile\u00f1o gener\u00f3 una expectativa incre\u00edble a su llegada a Montreal <\/p>\n","protected":false},"author":20,"featured_media":297620,"comment_status":"open","ping_status":"open","sticky":false,"template":"","format":"standard","meta":[],"categories":[4],"tags":[1738,5858],"_links":{"self":[{"href":"http:\/\/desarrollo.grupomedios.com\/futbol\/wp-json\/wp\/v2\/posts\/297619"}],"collection":[{"href":"http:\/\/desarrollo.grupomedios.com\/futbol\/wp-json\/wp\/v2\/posts"}],"about":[{"href":"http:\/\/desarrollo.grupomedios.com\/futbol\/wp-json\/wp\/v2\/types\/post"}],"author":[{"embeddable":true,"href":"http:\/\/desarrollo.grupomedios.com\/futbol\/wp-json\/wp\/v2\/users\/20"}],"replies":[{"embeddable":true,"href":"http:\/\/desarrollo.grupomedios.com\/futbol\/wp-json\/wp\/v2\/comments?post=297619"}],"version-history":[{"count":0,"href":"http:\/\/desarrollo.grupomedios.com\/futbol\/wp-json\/wp\/v2\/posts\/297619\/revisions"}],"wp:featuredmedia":[{"embeddable":true,"href":"http:\/\/desarrollo.grupomedios.com\/futbol\/wp-json\/wp\/v2\/media\/297620"}],"wp:attachment":[{"href":"http:\/\/desarrollo.grupomedios.com\/futbol\/wp-json\/wp\/v2\/media?parent=297619"}],"wp:term":[{"taxonomy":"category","embeddable":true,"href":"http:\/\/desarrollo.grupomedios.com\/futbol\/wp-json\/wp\/v2\/categories?post=297619"},{"taxonomy":"post_tag","embeddable":true,"href":"http:\/\/desarrollo.grupomedios.com\/futbol\/wp-json\/wp\/v2\/tags?post=297619"}],"curies":[{"name":"wp","href":"https:\/\/api.w.org\/{rel}","templated":true}]}}