{"id":297668,"date":"2015-07-30T15:04:28","date_gmt":"2015-07-30T20:04:28","guid":{"rendered":"http:\/\/futboltotal.com.mx\/?p=297668"},"modified":"2015-07-30T15:08:09","modified_gmt":"2015-07-30T20:08:09","slug":"javier-aquino-esta-de-regreso","status":"publish","type":"post","link":"http:\/\/desarrollo.grupomedios.com\/futbol\/futbol-internacional\/javier-aquino-esta-de-regreso\/2015\/07","title":{"rendered":"Javier Aquino est\u00e1 de regreso"},"content":{"rendered":"<p><strong>Javier Aquino<\/strong>, jugador de los <strong>Tigres<\/strong>, fue dado de alta y se encuentra listo para disputar la Gran Final de la <strong>Copa Libertadores<\/strong>, duelo que disputar\u00e1n los <em>felinos<\/em> el pr\u00f3ximo mi\u00e9rcoles ante <strong>River Plate<\/strong>, en Argentina.<\/p>\n<p>Por una lesi\u00f3n en el muslo izquierdo, <strong>Aquino <\/strong>se perdi\u00f3 el primer juego de la Final de la justa continental ante los argentinos; sin embargo, el volante <em>azteca<\/em> recibi\u00f3 el alta m\u00e9dica este jueves y se reporta en condiciones para regresar a las canchas ante los <em>Millonarios<\/em> en el Monumental.<\/p>\n<p><strong>Javier Aquino<\/strong> sufri\u00f3 una distenci\u00f3n muscular en el muslo posterior izquierdo durante el partido ante Internacional de Porto Alegre, dentro de las semifinales de la <strong>Copa Libertadores<\/strong>.<\/p>\n<p>El flamante refuerzo <em>felino<\/em> podr\u00eda\u00a0debutar este s\u00e1bado en la <strong>Liga MX<\/strong> enfundado la casa de <strong>Tigres<\/strong>, escuadra que visitar\u00e1 a <em>Monarcas<\/em> <strong>Morelia<\/strong>\u00a0en\u00a0la jornada 2 del <strong>Apertura 2015<\/strong>.<\/p>\n<p>Por otra parte, se dio a conocer que <strong>Hugo Ayala<\/strong> ser\u00e1 operado esta tarde. El defensa de <strong>Tigres<\/strong> <a href=\"http:\/\/futboltotal.com.mx\/2015\/07\/hugo-ayala-sufre-fractura\/\">sufri\u00f3 una fractura en el maleolo medial del tobillo izquierdo<\/a> en el partido del pasado mi\u00e9rcoles ante <strong>River Plate<\/strong>.<\/p>\n<p>En el terreno de las lesiones, a\u00fan falta conocer el estado f\u00edsico del delantero ecuatoriano\u00a0<strong>Joffre Guerr\u00f3n<\/strong>, quien previo al choque ante los <em>Millonarios<\/em>\u00a0tuvo que abandonar\u00a0la concentraci\u00f3n\u00a0por problemas de salud.<\/p>\n<p>El juego que definir\u00e1 al campe\u00f3n de la <strong>Copa Libertadores 2015<\/strong>\u00a0se realizar\u00e1 el pr\u00f3ximo mi\u00e9rcoles 5 de agosto, en el estadio Monumental de Buenos Aires,\u00a0Argentina, a las 20:00 horas (TCM).<\/p>\n","protected":false},"excerpt":{"rendered":"<p>El jugador de Tigres, listo para jugar la Gran de Final de la Libertadores<\/p>\n","protected":false},"author":20,"featured_media":297675,"comment_status":"open","ping_status":"open","sticky":false,"template":"","format":"standard","meta":[],"categories":[3859,3839,3845],"tags":[1107,6025,5973],"_links":{"self":[{"href":"http:\/\/desarrollo.grupomedios.com\/futbol\/wp-json\/wp\/v2\/posts\/297668"}],"collection":[{"href":"http:\/\/desarrollo.grupomedios.com\/futbol\/wp-json\/wp\/v2\/posts"}],"about":[{"href":"http:\/\/desarrollo.grupomedios.com\/futbol\/wp-json\/wp\/v2\/types\/post"}],"author":[{"embeddable":true,"href":"http:\/\/desarrollo.grupomedios.com\/futbol\/wp-json\/wp\/v2\/users\/20"}],"replies":[{"embeddable":true,"href":"http:\/\/desarrollo.grupomedios.com\/futbol\/wp-json\/wp\/v2\/comments?post=297668"}],"version-history":[{"count":0,"href":"http:\/\/desarrollo.grupomedios.com\/futbol\/wp-json\/wp\/v2\/posts\/297668\/revisions"}],"wp:featuredmedia":[{"embeddable":true,"href":"http:\/\/desarrollo.grupomedios.com\/futbol\/wp-json\/wp\/v2\/media\/297675"}],"wp:attachment":[{"href":"http:\/\/desarrollo.grupomedios.com\/futbol\/wp-json\/wp\/v2\/media?parent=297668"}],"wp:term":[{"taxonomy":"category","embeddable":true,"href":"http:\/\/desarrollo.grupomedios.com\/futbol\/wp-json\/wp\/v2\/categories?post=297668"},{"taxonomy":"post_tag","embeddable":true,"href":"http:\/\/desarrollo.grupomedios.com\/futbol\/wp-json\/wp\/v2\/tags?post=297668"}],"curies":[{"name":"wp","href":"https:\/\/api.w.org\/{rel}","templated":true}]}}