{"id":297703,"date":"2015-07-31T09:34:22","date_gmt":"2015-07-31T14:34:22","guid":{"rendered":"http:\/\/futboltotal.com.mx\/?p=297703"},"modified":"2015-07-31T11:00:58","modified_gmt":"2015-07-31T16:00:58","slug":"10-clubes-que-mas-han-gastado-en-el-verano","status":"publish","type":"post","link":"http:\/\/desarrollo.grupomedios.com\/futbol\/destacado-home\/10-clubes-que-mas-han-gastado-en-el-verano\/2015\/07","title":{"rendered":"Los 10 clubes m\u00e1s gastalones del verano"},"content":{"rendered":"<p>El mercado de fichajes llega al \u00faltimo d\u00eda de julio con centenas de movimientos e ilusiones que se pretenden cumplir sin importar el presupuesto invertido. Pero claro, hay algunos equipos cuyo capital provoca un salto de calidad inimaginable y los pone a so\u00f1ar con puestos de \u00e9lite.<\/p>\n<p>Lo que sorprende en este cat\u00e1logo de los <strong>10 equipos que m\u00e1s han gastado en el verano<\/strong> es que no se asomen clubes tan poderosos como Arsenal o Chelsea, adem\u00e1s de los dos m\u00e1s hist\u00f3ricos de Espa\u00f1a y cuidado sino del mundo: Real Madrid y Barcelona. Ante su ausencia, saltan los dos nuevos ricos de Espa\u00f1a, <strong>Atl\u00e9tico de Madrid<\/strong> y Valencia, mientras que en Inglaterra, los dos equipos de Manchester y el hist\u00f3rico Liverpool dominan en el tema de gastos para la futura temporada.<\/p>\n<p><strong>10\u00b0<\/strong> <strong>M\u00f3naco | Gastos 57.3 millones de euros <\/strong><\/p>\n<p>El equipo monegasco se prepar\u00f3 ante la ausencia de Radamel Falcao, cedido un a\u00f1o m\u00e1s. Para ello sum\u00f3 cuatro delanteros que luchar\u00e1n para que toda la fanaticada olvid\u00e9 el talento del colombiano: Ivan Cavaleiro, Guido Carrillo, Corentin Jean, Stephan El Shaarawy. Otras incorporaciones interesantes son 3 joyas que consiguieron en la Ligue 1, todas menores de 20 a\u00f1os. Clubes como el M\u00f3naco deben acercarse a la pol\u00edtica de fichar diamantes en bruto para pulirlos y traspasarlos, como el ejemplo Yanick Carrasco.<\/p>\n<p><a href=\"http:\/\/futboltotal.com.mx\/wp-content\/uploads\/2015\/07\/M\u00f3naco-e1438350516912.jpg\"><img decoding=\"async\" loading=\"lazy\" class=\"alignnone size-full wp-image-297816\" src=\"http:\/\/futboltotal.com.mx\/wp-content\/uploads\/2015\/07\/M\u00f3naco-e1438350516912.jpg\" alt=\"M\u00f3naco\" \/><\/a><\/p>\n<p><strong>9\u00b0 Mil\u00e1n | Gastos 62.95\u00a0millones de euros<\/strong><\/p>\n<p>Su rival citadino y m\u00e1s odiado anda en las mismas. Prestigio perdido y ambici\u00f3n de poder. Para ello, no dudaron en reforzar una de sus falencias tras el paso de los m\u00e1s recientes torneos: la falta de gol. 38\u00a0millones de euros tan solo invirtieron en la llegada de dos delanteros que son amenaza total para las redes contrarias, Carlos Bacca por 30 millones y Luiz Adriano por los restantes\u00a08. Andrea Bertolacci es otra de sus compras y por 20 millones de euros promete ser el referente absoluto del medio sector de los pupilos de Mihajlovic.<\/p>\n<p><a href=\"http:\/\/futboltotal.com.mx\/wp-content\/uploads\/2015\/07\/Luiz-Adriano-Champions.jpg\"><img decoding=\"async\" loading=\"lazy\" class=\"alignnone size-full wp-image-290316\" src=\"http:\/\/futboltotal.com.mx\/wp-content\/uploads\/2015\/07\/Luiz-Adriano-Champions.jpg\" alt=\"Luiz Adriano Champions\" srcset=\"http:\/\/desarrollo.grupomedios.com\/futbol\/wp-content\/uploads\/2015\/07\/Luiz-Adriano-Champions.jpg 820w, http:\/\/desarrollo.grupomedios.com\/futbol\/wp-content\/uploads\/2015\/07\/Luiz-Adriano-Champions-300x201.jpg 300w\" sizes=\"(max-width: 820px) 100vw, 820px\" \/><\/a><\/p>\n<p><strong>8\u00b0 Inter | Gastos 74.7 millones de euros\u00a0<\/strong><\/p>\n<p>En su intento por regresar al dominio de Italia, los <em>neroazzurros<\/em> abren la chequera como el camino m\u00e1s sencillo para cumplir sus objetivos. Su fichaje estelar, <strong>Geoffrey Kongdobia<\/strong> casi utiliz\u00f3 la mitad de lo invertido (30 mde). Se le suman las operciones por Shaquiri de 16 mde, quien aterriz\u00f3 cedido la campa\u00f1a anterior pero con una cl\u00e1usula de compra obligatoria. Jeison Murillo y Davide Santone se integran a la defensa, adem\u00e1s de dos pr\u00e9stamos muy prometedores: Miranda (3 mde) y Mart\u00edn Montoya (1 mill\u00f3n) y a la ofensiva, el montenegrino Stevan Jovetic cuyo acuerdo se cerr\u00f3 hoy por 13 mde.<\/p>\n<p><a href=\"http:\/\/futboltotal.com.mx\/wp-content\/uploads\/2015\/07\/Murillo-e1438350648170.jpg\"><img decoding=\"async\" loading=\"lazy\" class=\"alignnone size-full wp-image-297817\" src=\"http:\/\/futboltotal.com.mx\/wp-content\/uploads\/2015\/07\/Murillo-e1438350648170.jpg\" alt=\"Murillo\" \/><\/a><\/p>\n<p><strong>7\u00b0 Bayern Munich | Gastos 79 millones de euros<\/strong><\/p>\n<p>Como es costumbre en Alemania, el que mueve m\u00e1s millones y este a\u00f1o no pod\u00eda ser la excepci\u00f3n, sobre todo tras la salida de Bastian Schweinsteiger, uno de sus baluartes por m\u00e1s de una d\u00e9cada. La llegada de <strong>Arturo Vidal<\/strong> se convirti\u00f3 en indispensable, por ello los 36 mde en inversi\u00f3n. Tambi\u00e9n arrib\u00f3 Douglas Costa, petici\u00f3n de Pep Guardiola por otros 30 millones. Firmaron tambi\u00e9n a dos alemanes: Joshua Kimmich para su medio campo y m\u00e1s pensado a futuro;\u00a0Sven Ulreich como el segundo para Manuel Neuer.<\/p>\n<p><a href=\"http:\/\/futboltotal.com.mx\/wp-content\/uploads\/2015\/07\/Arturo-Vidal-al-Bayern-Munich.jpg\"><img decoding=\"async\" loading=\"lazy\" class=\"alignnone size-full wp-image-297080\" src=\"http:\/\/futboltotal.com.mx\/wp-content\/uploads\/2015\/07\/Arturo-Vidal-al-Bayern-Munich.jpg\" alt=\"Arturo Vidal al Bayern Munich\" srcset=\"http:\/\/desarrollo.grupomedios.com\/futbol\/wp-content\/uploads\/2015\/07\/Arturo-Vidal-al-Bayern-Munich.jpg 820w, http:\/\/desarrollo.grupomedios.com\/futbol\/wp-content\/uploads\/2015\/07\/Arturo-Vidal-al-Bayern-Munich-300x201.jpg 300w\" sizes=\"(max-width: 820px) 100vw, 820px\" \/><\/a><\/p>\n<p><strong>6\u00b0 Manchester City |<\/strong>\u00a0<strong>Gastos 84\u00a0millones de euros<\/strong><\/p>\n<p>Realizaron su gasto may\u00fasculo en <strong>Raheem Sterling<\/strong>, no solo para ellos, pues se convirti\u00f3 en el fichaje m\u00e1s caro de todos los clubes en\u00a0Premier League del presente curso (62.5 millones de euros). Lo dem\u00e1s fue invertido en Fabian Delph, Patrick Roberts y Enes Unal.<\/p>\n<p><a href=\"http:\/\/futboltotal.com.mx\/wp-content\/uploads\/2015\/07\/Sterling-City1.jpg\"><img decoding=\"async\" loading=\"lazy\" class=\"alignnone size-full wp-image-294020\" src=\"http:\/\/futboltotal.com.mx\/wp-content\/uploads\/2015\/07\/Sterling-City1.jpg\" alt=\"Sterling City\" srcset=\"http:\/\/desarrollo.grupomedios.com\/futbol\/wp-content\/uploads\/2015\/07\/Sterling-City1.jpg 820w, http:\/\/desarrollo.grupomedios.com\/futbol\/wp-content\/uploads\/2015\/07\/Sterling-City1-300x201.jpg 300w\" sizes=\"(max-width: 820px) 100vw, 820px\" \/><\/a><\/p>\n<p><strong>5\u00b0 Juventus | Gastos 88.1 millones de euros<\/strong><\/p>\n<p>Todo hace indicar que los <em>Bianconeri<\/em> sufrir\u00e1n, eso en el papel. Tres de sus insignias deportivas en el pasado curso maravilloso (doblete incluido y finalista en Champions League) abandonaron el barco con rumbo a nuevos mares. Sin Tevez, su m\u00e1ximo goleador, las compras se enfocaron en sus sucesores: Dybala (32 mde), Mandzukic (19mde) y Zaza (18mde). Si eso no fuera suficiente, abonaron 14 millones m\u00e1s por la ficha de Roberto Pereyra que encarar\u00e1 su segundo torneo con la instituci\u00f3n. Gratis lleg\u00f3 Khedira, que puede convertirse en su mejor incorporaci\u00f3n tras el adi\u00f3s de Vidal y Pirlo.<\/p>\n<p><a href=\"http:\/\/futboltotal.com.mx\/wp-content\/uploads\/2015\/07\/Dybala-e1438351159852.jpg\"><img decoding=\"async\" loading=\"lazy\" class=\"alignnone size-full wp-image-297818\" src=\"http:\/\/futboltotal.com.mx\/wp-content\/uploads\/2015\/07\/Dybala-e1438351159852.jpg\" alt=\"Dybala\" \/><\/a><\/p>\n<p><strong>4\u00b0 Manchester United | Gastos 98.5 millones de euros<\/strong><\/p>\n<p>Los <em>Red Devils<\/em> van tras la gloria extraviada. Contrataciones en todos sus frentes con Sergio Romero (libre), Matteo Darmian (18 mde), Bastian Schweinsteiger (18 mde), Morgan Scneiderlin (35 mde) y Memphis Depay (27.5 mde). A la espera de alg\u00fan delantero para reforzar su potencial, con nombres en el radar de la talla de Pedrito y Cavani.<br \/>\n<a href=\"http:\/\/futboltotal.com.mx\/wp-content\/uploads\/2015\/06\/Depay-es-del-Manchester-United.jpg\"><img decoding=\"async\" loading=\"lazy\" class=\"alignnone size-full wp-image-285069\" src=\"http:\/\/futboltotal.com.mx\/wp-content\/uploads\/2015\/06\/Depay-es-del-Manchester-United.jpg\" alt=\"Depay es del Manchester United\" srcset=\"http:\/\/desarrollo.grupomedios.com\/futbol\/wp-content\/uploads\/2015\/06\/Depay-es-del-Manchester-United.jpg 820w, http:\/\/desarrollo.grupomedios.com\/futbol\/wp-content\/uploads\/2015\/06\/Depay-es-del-Manchester-United-300x201.jpg 300w\" sizes=\"(max-width: 820px) 100vw, 820px\" \/><\/a><\/p>\n<p><strong>3\u00b0 Valencia | Gastos 109 millones de euros<\/strong><\/p>\n<p>Como dec\u00edamos, el podio es sorprendente. Los sue\u00f1os de Peter Lim de dominar Europa los busca hacer a base de su capital, pero pensado a futuro. Adquirieron deudas del pasado como sus cesiones con compra obligatoria por Negredo y Rodrigo (ambos por 30 mde); m\u00e1s los portugueses del agrado del estratega Joao Cancelo y Andr\u00e9 Gomes (15 mde por cada uno). En la ofensiva se hicieron de la joya Santi Mina por 10 mde y cierran la cuenta Ryan y Rodr\u00edguez (7 y 2 mde respectivamente), adem\u00e1s del juvenil Bakkal que llega sin costo.<\/p>\n<div id=\"attachment_291108\" style=\"width: 830px\" class=\"wp-caption alignnone\"><a href=\"http:\/\/futboltotal.com.mx\/wp-content\/uploads\/2015\/07\/Santi-Mina-2.jpg\"><img aria-describedby=\"caption-attachment-291108\" decoding=\"async\" loading=\"lazy\" class=\"size-full wp-image-291108\" src=\"http:\/\/futboltotal.com.mx\/wp-content\/uploads\/2015\/07\/Santi-Mina-2.jpg\" alt=\"La Liga | Santi Mina | Valencia.\" srcset=\"http:\/\/desarrollo.grupomedios.com\/futbol\/wp-content\/uploads\/2015\/07\/Santi-Mina-2.jpg 820w, http:\/\/desarrollo.grupomedios.com\/futbol\/wp-content\/uploads\/2015\/07\/Santi-Mina-2-300x201.jpg 300w\" sizes=\"(max-width: 820px) 100vw, 820px\" \/><\/a><p id=\"caption-attachment-291108\" class=\"wp-caption-text\">La Liga | Santi Mina | Valencia.<\/p><\/div>\n<p><strong>2\u00b0 Liverpool | Gastos 110.1 millones de euros<\/strong><\/p>\n<p>Los <em>Reds<\/em> esperan invertir de buena manera pues la experiencia de su venta por Luis Su\u00e1rez no es la id\u00f3nea. Millones fueron derrochados en fiascos de mercado y no quieren repetir esa situaci\u00f3n tras lo ingresado por Sterling. De momento, su ofensiva tendr\u00e1 nuevas caras en Roberto Firmino (41 mde) y Christian Benteke (46.5 mde). A la defensiva se suman Nathaniel Clyne por 17 y Joe G\u00f3mez. Adem\u00e1s, a la entidad llegaron en traspasos libres Ings, Bogdan y Milner.<\/p>\n<div id=\"attachment_291279\" style=\"width: 830px\" class=\"wp-caption alignnone\"><a href=\"http:\/\/futboltotal.com.mx\/wp-content\/uploads\/2015\/07\/milner.jpg\"><img aria-describedby=\"caption-attachment-291279\" decoding=\"async\" loading=\"lazy\" class=\"size-full wp-image-291279\" src=\"http:\/\/futboltotal.com.mx\/wp-content\/uploads\/2015\/07\/milner.jpg\" alt=\"Premier League|James Milner|Liverpool\" srcset=\"http:\/\/desarrollo.grupomedios.com\/futbol\/wp-content\/uploads\/2015\/07\/milner.jpg 820w, http:\/\/desarrollo.grupomedios.com\/futbol\/wp-content\/uploads\/2015\/07\/milner-300x201.jpg 300w\" sizes=\"(max-width: 820px) 100vw, 820px\" \/><\/a><p id=\"caption-attachment-291279\" class=\"wp-caption-text\">Premier League|James Milner|Liverpool<\/p><\/div>\n<p><strong>1\u00b0 Atl\u00e9tico de Madrid | Gastos 131.5 millones de euros<\/strong><\/p>\n<p>M\u00e1s que gastos son grandes inversionEs las que realizan los <em>colchoneros<\/em>. Con esa pol\u00edtica han logrado competir con los gigantes Barcelona y Real Madrid. En el presente mercado lograron acuerdos con Luciano Vietto (20 mde) y Jackson Mart\u00ednez (35 mde) en ofensiva, sumados al joven Rafael Borr\u00e9 (5 mde) a quien mandar\u00e1n cedido al Rayo Vallecano. Filipe Luis regresa por (16 mde), y adquirieron a Mensah (10 mde), Savic (25 mde), Carrasco (20 mde). \u00a1Todo un lujo!<\/p>\n<div id=\"attachment_296537\" style=\"width: 830px\" class=\"wp-caption alignnone\"><a href=\"http:\/\/futboltotal.com.mx\/wp-content\/uploads\/2015\/07\/Jackson-presentado-.jpg\"><img aria-describedby=\"caption-attachment-296537\" decoding=\"async\" loading=\"lazy\" class=\"size-full wp-image-296537\" src=\"http:\/\/futboltotal.com.mx\/wp-content\/uploads\/2015\/07\/Jackson-presentado-.jpg\" alt=\"La Liga | Jackson Mart\u00ednez | Atl\u00e9tico de Madrid.\" srcset=\"http:\/\/desarrollo.grupomedios.com\/futbol\/wp-content\/uploads\/2015\/07\/Jackson-presentado-.jpg 820w, http:\/\/desarrollo.grupomedios.com\/futbol\/wp-content\/uploads\/2015\/07\/Jackson-presentado--300x201.jpg 300w\" sizes=\"(max-width: 820px) 100vw, 820px\" \/><\/a><p id=\"caption-attachment-296537\" class=\"wp-caption-text\">La Liga | Jackson Mart\u00ednez | Atl\u00e9tico de Madrid.<\/p><\/div>\n","protected":false},"excerpt":{"rendered":"<p>Un recuento que sorprende tras el cierre del primer mes en la ventana de transferencias<\/p>\n","protected":false},"author":20,"featured_media":297700,"comment_status":"open","ping_status":"open","sticky":false,"template":"","format":"standard","meta":[],"categories":[5],"tags":[640,4847],"_links":{"self":[{"href":"http:\/\/desarrollo.grupomedios.com\/futbol\/wp-json\/wp\/v2\/posts\/297703"}],"collection":[{"href":"http:\/\/desarrollo.grupomedios.com\/futbol\/wp-json\/wp\/v2\/posts"}],"about":[{"href":"http:\/\/desarrollo.grupomedios.com\/futbol\/wp-json\/wp\/v2\/types\/post"}],"author":[{"embeddable":true,"href":"http:\/\/desarrollo.grupomedios.com\/futbol\/wp-json\/wp\/v2\/users\/20"}],"replies":[{"embeddable":true,"href":"http:\/\/desarrollo.grupomedios.com\/futbol\/wp-json\/wp\/v2\/comments?post=297703"}],"version-history":[{"count":0,"href":"http:\/\/desarrollo.grupomedios.com\/futbol\/wp-json\/wp\/v2\/posts\/297703\/revisions"}],"wp:featuredmedia":[{"embeddable":true,"href":"http:\/\/desarrollo.grupomedios.com\/futbol\/wp-json\/wp\/v2\/media\/297700"}],"wp:attachment":[{"href":"http:\/\/desarrollo.grupomedios.com\/futbol\/wp-json\/wp\/v2\/media?parent=297703"}],"wp:term":[{"taxonomy":"category","embeddable":true,"href":"http:\/\/desarrollo.grupomedios.com\/futbol\/wp-json\/wp\/v2\/categories?post=297703"},{"taxonomy":"post_tag","embeddable":true,"href":"http:\/\/desarrollo.grupomedios.com\/futbol\/wp-json\/wp\/v2\/tags?post=297703"}],"curies":[{"name":"wp","href":"https:\/\/api.w.org\/{rel}","templated":true}]}}