{"id":297707,"date":"2015-07-31T11:06:44","date_gmt":"2015-07-31T16:06:44","guid":{"rendered":"http:\/\/futboltotal.com.mx\/?p=297707"},"modified":"2015-07-31T11:27:02","modified_gmt":"2015-07-31T16:27:02","slug":"coleccion-de-balones-rodara-la-proxima-temporada","status":"publish","type":"post","link":"http:\/\/desarrollo.grupomedios.com\/futbol\/futbol-internacional\/coleccion-de-balones-rodara-la-proxima-temporada\/2015\/07","title":{"rendered":"Los balones del futuro | \u00a1Arrancan las ligas!"},"content":{"rendered":"<p>Agosto es uno de los meses que m\u00e1s esperan los adictos al futbol\u00a0europeo, la reanudaci\u00f3n en las diversas ligas son un motivo para el deleite en cada cotejo que se disputa. A unos d\u00edas de que abra el tel\u00f3n las diversas competiciones, te presentamos los balones que rodar\u00e1n en la <strong>Premier League, La Liga, Serie A, Bundesliga, Eredivisie y Ligue 1.<\/strong> Adem\u00e1s, en esta galer\u00eda te incluimos el esf\u00e9rico oficial de la Champions League.<\/p>\n<p><strong>Ordem 3| Premier League, la Liga y Serie A<\/strong><\/p>\n<p>Esta nueva joya de la innovaci\u00f3n proviene de la casa productora <strong>Nike<\/strong>. Con la caracter\u00edstica principal de una mayor precisi\u00f3n y velocidad, este esf\u00e9rico de color rojo rodar\u00e1 a partir del 8 de agosto en la liga inglesa en la que el Tottenham y Manchester United tendr\u00e1n la oportunidad de disfrutar de este nuevo elemento.<\/p>\n<p>Las cualidades del bal\u00f3n son gracias a los componentes que lo integran, el dise\u00f1o geom\u00e9trico de 12 paneles hacen\u00a0 que la velocidad del viento fluya a trav\u00e9s de sus ranuras, lo que provoca un vuelo m\u00e1s preciso y estable.<\/p>\n<p>El revestido de cuero sint\u00e9tico ser\u00e1 una de las caracter\u00edsticas que disfrutar\u00e1n los equipos espa\u00f1oles como el Barcelona y el Real Madrid, ya que el bal\u00f3n genera un gran impacto\u00a0en los pases o cambios de juego. El color de este bal\u00f3n\u00a0ser\u00e1 en verde lima.<\/p>\n<p>Los toques a los que nos tiene acostumbrado el <em>Calcio<\/em> italiano se ver\u00e1 beneficiado con este bal\u00f3n, contar\u00e1 con un aumento de velocidad gracias a la c\u00e1mara de aire de seis alas realizada con l\u00e1tex de carbono. La tonalidad del esf\u00e9rico de esta liga ser\u00e1 lila.<\/p>\n<p><strong>Torfabrik| Bundesliga<\/strong><\/p>\n<p>La <em>m\u00e1quina goleadora<\/em>, nombre en espa\u00f1ol para esta pelota, ser\u00e1 protagonista el 14 de agosto, cuando el actual campe\u00f3n de Alemania, el Bayern M\u00fanich reciba al Hamburgo.<\/p>\n<p>Los implementos con los que est\u00e1 compuesto este bal\u00f3n generan un buen contacto. Con un dise\u00f1o inspirado en la bandera alemana, el Torfabrik contar\u00e1 con seis paneles y sin ning\u00fan tipo de costura, lo que lo hace un esf\u00e9rico m\u00e1s f\u00e1cil de controlar y adem\u00e1s previene una mayor absorci\u00f3n del agua.<\/p>\n<p>Cabe destacar, que para la temporada de invierno, <strong>Adidas<\/strong> creo un bal\u00f3n con una tonalidad Solar Red que beneficia a la visibilidad de los jugadores.<\/p>\n<p><strong>Adidas Finale| Champions League<\/strong><\/p>\n<p>Respetando el estilo cl\u00e1sico de un bal\u00f3n con el dise\u00f1o de estrellas. Con un tono azul y peque\u00f1as franjas naranjas, la UEFA dio a conocer el nuevo adidas Finale, pelota que rodar\u00e1 en esta temporada 2015-16 en la Liga de campeones.<\/p>\n<p><strong>Adidas Ballon Ligue 1<\/strong><\/p>\n<p>Este esf\u00e9rico fue presentado por Alexandre Lacazette y es muy parecido al de la liga alemana, sin embargo sus colores son distintos, una franja azul, roja y negra lo definen como una arte moderna. Este bal\u00f3n rodar\u00e1 el 1 de agosto en el trofeo de campeones.<\/p>\n<p><strong>Derby Star| Liga Holandesa<\/strong><\/p>\n<p>Los mexicanos Andr\u00e9s Guardado y Jes\u00fas Corona disfrutaran de este bal\u00f3n a partir del 7\u00a0de Agosto. El dise\u00f1o del mismo fue elegido de entre cuatro esf\u00e9ricos de la misma marca por 13, 000 espectadores a trav\u00e9s de su cadena nacional de <em>Fox Sports<\/em>.<\/p>\n<div id=\"galleryew9\" style=\"display:none;\"><img alt=\"\" src=\"http:\/\/desarrollo.grupomedios.com\/futbol\/wp-content\/uploads\/2015\/07\/Balon-La-Liga-BBVA-2016.jpg\" data-image=\"http:\/\/desarrollo.grupomedios.com\/futbol\/wp-content\/uploads\/2015\/07\/Balon-La-Liga-BBVA-2016.jpg\" data-description=\"Balon-La-Liga-BBVA-2016\"><img alt=\"\" src=\"http:\/\/desarrollo.grupomedios.com\/futbol\/wp-content\/uploads\/2015\/07\/Balon-Serie-A-2016.jpg\" data-image=\"http:\/\/desarrollo.grupomedios.com\/futbol\/wp-content\/uploads\/2015\/07\/Balon-Serie-A-2016.jpg\" data-description=\"Balon-Serie-A-2016\"><img alt=\"\" src=\"http:\/\/desarrollo.grupomedios.com\/futbol\/wp-content\/uploads\/2015\/07\/Balon-Premier-League-2016.jpg\" data-image=\"http:\/\/desarrollo.grupomedios.com\/futbol\/wp-content\/uploads\/2015\/07\/Balon-Premier-League-2016.jpg\" data-description=\"Balon-Premier-League-2016\"><img alt=\"\" src=\"http:\/\/desarrollo.grupomedios.com\/futbol\/wp-content\/uploads\/2015\/07\/Balon-Bundesliga-2016.jpg\" data-image=\"http:\/\/desarrollo.grupomedios.com\/futbol\/wp-content\/uploads\/2015\/07\/Balon-Bundesliga-2016.jpg\" data-description=\"Balon-Bundesliga-2016\"><img alt=\"\" src=\"http:\/\/desarrollo.grupomedios.com\/futbol\/wp-content\/uploads\/2015\/07\/Balon-Champions-League-2016.jpg\" data-image=\"http:\/\/desarrollo.grupomedios.com\/futbol\/wp-content\/uploads\/2015\/07\/Balon-Champions-League-2016.jpg\" data-description=\"Balon-Champions-League-2016\"><img alt=\"\" src=\"http:\/\/desarrollo.grupomedios.com\/futbol\/wp-content\/uploads\/2015\/07\/Balon-Ligue-1-2016.jpg\" data-image=\"http:\/\/desarrollo.grupomedios.com\/futbol\/wp-content\/uploads\/2015\/07\/Balon-Ligue-1-2016.jpg\" data-description=\"Balon-Ligue-1-2016\"><img alt=\"\" src=\"http:\/\/desarrollo.grupomedios.com\/futbol\/wp-content\/uploads\/2015\/07\/Balon-Eredivise-2015.jpg\" data-image=\"http:\/\/desarrollo.grupomedios.com\/futbol\/wp-content\/uploads\/2015\/07\/Balon-Eredivise-2015.jpg\" data-description=\"Balon-Eredivise-2015\"><\/div>\n        <script>\n        \/\/galeria 1\n        jQuery(document).ready(function(){ \n            var api;\n            api = jQuery(\"#galleryew9\").unitegallery({\n                carousel_autoplay: false\n            }); \n        });\n        <\/script>\n        \n","protected":false},"excerpt":{"rendered":"<p>Los cracks jugar\u00e1n con esf\u00e9ricos de \u00faltima generaci\u00f3n en las ligas de \u00e9lite<\/p>\n","protected":false},"author":20,"featured_media":297720,"comment_status":"open","ping_status":"open","sticky":false,"template":"","format":"standard","meta":[],"categories":[3841,3839,3844,3846,3848],"tags":[119,640,76,334],"_links":{"self":[{"href":"http:\/\/desarrollo.grupomedios.com\/futbol\/wp-json\/wp\/v2\/posts\/297707"}],"collection":[{"href":"http:\/\/desarrollo.grupomedios.com\/futbol\/wp-json\/wp\/v2\/posts"}],"about":[{"href":"http:\/\/desarrollo.grupomedios.com\/futbol\/wp-json\/wp\/v2\/types\/post"}],"author":[{"embeddable":true,"href":"http:\/\/desarrollo.grupomedios.com\/futbol\/wp-json\/wp\/v2\/users\/20"}],"replies":[{"embeddable":true,"href":"http:\/\/desarrollo.grupomedios.com\/futbol\/wp-json\/wp\/v2\/comments?post=297707"}],"version-history":[{"count":0,"href":"http:\/\/desarrollo.grupomedios.com\/futbol\/wp-json\/wp\/v2\/posts\/297707\/revisions"}],"wp:featuredmedia":[{"embeddable":true,"href":"http:\/\/desarrollo.grupomedios.com\/futbol\/wp-json\/wp\/v2\/media\/297720"}],"wp:attachment":[{"href":"http:\/\/desarrollo.grupomedios.com\/futbol\/wp-json\/wp\/v2\/media?parent=297707"}],"wp:term":[{"taxonomy":"category","embeddable":true,"href":"http:\/\/desarrollo.grupomedios.com\/futbol\/wp-json\/wp\/v2\/categories?post=297707"},{"taxonomy":"post_tag","embeddable":true,"href":"http:\/\/desarrollo.grupomedios.com\/futbol\/wp-json\/wp\/v2\/tags?post=297707"}],"curies":[{"name":"wp","href":"https:\/\/api.w.org\/{rel}","templated":true}]}}