{"id":297871,"date":"2015-07-31T12:43:30","date_gmt":"2015-07-31T17:43:30","guid":{"rendered":"http:\/\/futboltotal.com.mx\/?p=297871"},"modified":"2015-07-31T14:02:09","modified_gmt":"2015-07-31T19:02:09","slug":"desestima-pedro-caixinha-banquillo-del-tri","status":"publish","type":"post","link":"http:\/\/desarrollo.grupomedios.com\/futbol\/futbol-mexicano\/desestima-pedro-caixinha-banquillo-del-tri\/2015\/07","title":{"rendered":"Desestima Pedro Caixinha banquillo del Tri"},"content":{"rendered":"<p>El t\u00e9cnico de <a href=\"http:\/\/futboltotal.com.mx\/equipos\/santos\/\" target=\"_blank\"><strong>Santos Laguna<\/strong><\/a>, <strong>Pedro Caixinha<\/strong>, desestim\u00f3 dirigir a la <a href=\"http:\/\/futboltotal.com.mx\/futbol-mexicano\/seleccion-mexicana\/\" target=\"_blank\"><strong>Selecci\u00f3n Mexicana<\/strong><\/a>, pues se\u00f1al\u00f3 que solo piensa en mantener a los <em>Guerreros<\/em> como protagonistas.<\/p>\n<p>&#8220;Un orgullo estar entre los nombres de los medios para Selecci\u00f3n pero mi enfoque est\u00e1 en el trabajo&#8221;, confes\u00f3 el timonel portugu\u00e9s en conferencia de prensa.<\/p>\n<p><strong>&#8220;Mis objetivos son regresar a Europa, a un nivel competitivo de clubes; no seleccionador nacional&#8221;<\/strong>, abund\u00f3 Caixinha.<\/p>\n<p>Si bien se rumora que <strong>Pedro Caixinha<\/strong> est\u00e1 en la lista de posibles sucesores de Miguel Herrera en el <em>Tri<\/em>, de momento no lo han buscado, as\u00ed lo asever\u00f3 el presidente de la escuadra <em>verdiblanca<\/em>, Alejandro Irarragorri.<\/p>\n<p>\u201cNo ha habido acercamientos en torno a Pedro, \u00e9l est\u00e1 comprometido con el equipo y la afici\u00f3n. No s\u00e9 cu\u00e1les sean los par\u00e1metros (para elegir al DT), pero \u00e9l es un hombre muy preparado, trabajador y educado, con una metodolog\u00eda acorde a lo que hemos pensado en nuestro club\u201d, se\u00f1al\u00f3 el directivo a <em>TVC Deportes<\/em>.<\/p>\n<p>El s\u00e1bado, <strong>Santos Laguna<\/strong> visitar\u00e1 al Chiapas en la actividad de la jornada 2 del Apertura 2015, donde esperan olvidar el rev\u00e9s que sufrieron frente al Le\u00f3n. En el V\u00edctor Manuel Reyna, tendr\u00e1n un complicado compromiso al tratarse del plantel del argentino Ricardo La Volpe.<\/p>\n<p>&#8220;Confiamos en la plantilla, es muy competitiva en relaci\u00f3n a aprovechar las oportunidades&#8221;, concluy\u00f3 <strong>Pedro Caixinha<\/strong>.<\/p>\n","protected":false},"excerpt":{"rendered":"<p>\u201cMi enfoque est\u00e1 en el trabajo\u201d, afirm\u00f3 el portugu\u00e9s<\/p>\n","protected":false},"author":20,"featured_media":297872,"comment_status":"open","ping_status":"open","sticky":false,"template":"","format":"standard","meta":[],"categories":[2198,3845],"tags":[1968,5972,5979],"_links":{"self":[{"href":"http:\/\/desarrollo.grupomedios.com\/futbol\/wp-json\/wp\/v2\/posts\/297871"}],"collection":[{"href":"http:\/\/desarrollo.grupomedios.com\/futbol\/wp-json\/wp\/v2\/posts"}],"about":[{"href":"http:\/\/desarrollo.grupomedios.com\/futbol\/wp-json\/wp\/v2\/types\/post"}],"author":[{"embeddable":true,"href":"http:\/\/desarrollo.grupomedios.com\/futbol\/wp-json\/wp\/v2\/users\/20"}],"replies":[{"embeddable":true,"href":"http:\/\/desarrollo.grupomedios.com\/futbol\/wp-json\/wp\/v2\/comments?post=297871"}],"version-history":[{"count":0,"href":"http:\/\/desarrollo.grupomedios.com\/futbol\/wp-json\/wp\/v2\/posts\/297871\/revisions"}],"wp:featuredmedia":[{"embeddable":true,"href":"http:\/\/desarrollo.grupomedios.com\/futbol\/wp-json\/wp\/v2\/media\/297872"}],"wp:attachment":[{"href":"http:\/\/desarrollo.grupomedios.com\/futbol\/wp-json\/wp\/v2\/media?parent=297871"}],"wp:term":[{"taxonomy":"category","embeddable":true,"href":"http:\/\/desarrollo.grupomedios.com\/futbol\/wp-json\/wp\/v2\/categories?post=297871"},{"taxonomy":"post_tag","embeddable":true,"href":"http:\/\/desarrollo.grupomedios.com\/futbol\/wp-json\/wp\/v2\/tags?post=297871"}],"curies":[{"name":"wp","href":"https:\/\/api.w.org\/{rel}","templated":true}]}}