{"id":297924,"date":"2015-07-31T14:32:21","date_gmt":"2015-07-31T19:32:21","guid":{"rendered":"http:\/\/futboltotal.com.mx\/?p=297924"},"modified":"2015-07-31T14:32:21","modified_gmt":"2015-07-31T19:32:21","slug":"lloran-por-pedrito-y-el-se-aprovecha","status":"publish","type":"post","link":"http:\/\/desarrollo.grupomedios.com\/futbol\/videos\/lloran-por-pedrito-y-el-se-aprovecha\/2015\/07","title":{"rendered":"Lloran por Pedrito y \u00e9l se aprovecha"},"content":{"rendered":"<p>Barcelona tiene a Messi, Neymar y Su\u00e1rez como el tridente estelar pero cuenta con un canterano adorado por la fanaticada cul\u00e9: <strong>Pedrito Rodr\u00edguez<\/strong>. <\/p>\n<p>Con gritos de &#8220;Pedro no te vayas&#8221; esperaban dos fans a Pedrito para captar la foto del recuerdo y estar junto a su \u00eddolo en lo que podr\u00edan ser los \u00faltimos momentos del canario en la instituci\u00f3n. <\/p>\n<p>Y Pedrito se dej\u00f3 apapachar. El atacante del Barcelona detuvo su coche pacientemente para firmar aut\u00f3grafos a las aficionadas y una de ellas le pregunt\u00f3 si iba a dejar al club, y \u00e9l respondi\u00f3:<\/p>\n<p>&#8220;No s\u00e9, no lo s\u00e9 todav\u00eda&#8221;, respuesta con la que hizo llorar a su fan. Los presentes intentaron tranquilizarla pero no ces\u00f3 en su llanto tras la sincera afirmaci\u00f3n. <\/p>\n<p>Tras darle dos besos, le pregunt\u00f3 si sab\u00eda desde cuando lo segu\u00eda y acto seguido respondi\u00f3 ella misma que desde que el canario lleg\u00f3 al Bar\u00e7a.  Pedro la abraz\u00f3 para consolarla y le dijo que no se preocupase.<\/p>\n<p><iframe loading=\"lazy\" src=\"https:\/\/www.youtube.com\/embed\/z63fz25Uf6w\" frameborder=\"0\" allowfullscreen><\/iframe><\/p>\n","protected":false},"excerpt":{"rendered":"<p>Fan\u00e1tica no quiere que abandone Barcelona y lo exhibe con l\u00e1grimas <\/p>\n","protected":false},"author":20,"featured_media":297927,"comment_status":"open","ping_status":"open","sticky":false,"template":"","format":"standard","meta":[],"categories":[4],"tags":[5984,3396],"_links":{"self":[{"href":"http:\/\/desarrollo.grupomedios.com\/futbol\/wp-json\/wp\/v2\/posts\/297924"}],"collection":[{"href":"http:\/\/desarrollo.grupomedios.com\/futbol\/wp-json\/wp\/v2\/posts"}],"about":[{"href":"http:\/\/desarrollo.grupomedios.com\/futbol\/wp-json\/wp\/v2\/types\/post"}],"author":[{"embeddable":true,"href":"http:\/\/desarrollo.grupomedios.com\/futbol\/wp-json\/wp\/v2\/users\/20"}],"replies":[{"embeddable":true,"href":"http:\/\/desarrollo.grupomedios.com\/futbol\/wp-json\/wp\/v2\/comments?post=297924"}],"version-history":[{"count":0,"href":"http:\/\/desarrollo.grupomedios.com\/futbol\/wp-json\/wp\/v2\/posts\/297924\/revisions"}],"wp:featuredmedia":[{"embeddable":true,"href":"http:\/\/desarrollo.grupomedios.com\/futbol\/wp-json\/wp\/v2\/media\/297927"}],"wp:attachment":[{"href":"http:\/\/desarrollo.grupomedios.com\/futbol\/wp-json\/wp\/v2\/media?parent=297924"}],"wp:term":[{"taxonomy":"category","embeddable":true,"href":"http:\/\/desarrollo.grupomedios.com\/futbol\/wp-json\/wp\/v2\/categories?post=297924"},{"taxonomy":"post_tag","embeddable":true,"href":"http:\/\/desarrollo.grupomedios.com\/futbol\/wp-json\/wp\/v2\/tags?post=297924"}],"curies":[{"name":"wp","href":"https:\/\/api.w.org\/{rel}","templated":true}]}}