{"id":297929,"date":"2015-07-31T14:47:54","date_gmt":"2015-07-31T19:47:54","guid":{"rendered":"http:\/\/futboltotal.com.mx\/?p=297929"},"modified":"2015-07-31T14:47:54","modified_gmt":"2015-07-31T19:47:54","slug":"si-te-vendo-me-tengo-que-ir-del-real-madrid-florentino","status":"publish","type":"post","link":"http:\/\/desarrollo.grupomedios.com\/futbol\/futbol-internacional\/si-te-vendo-me-tengo-que-ir-del-real-madrid-florentino\/2015\/07","title":{"rendered":"\u201cSi te vendo, me tengo que ir del Real Madrid&#8221;: Florentino"},"content":{"rendered":"<p>Todo indica que la novela que protagoniz\u00f3 el presidente del <strong>Real Madrid, Florentino P\u00e9rez<\/strong> y el emblem\u00e1tico defensa espa\u00f1ol, <strong>Sergio Ramos<\/strong>, lleg\u00f3 a su fin hace unos d\u00edas. Tras su visita al club en su gira por China, la m\u00e1xima autoridad de los <em>merengues<\/em> se dio tiempo para platicar con el futbolista sobre su futuro en el plantel.<\/p>\n<p>Diversos medios en Europa apuntaron que la salida de Ramos del Real Madrid no se llevar\u00eda a cabo debido a que se concret\u00f3 una ampliaci\u00f3n de contrato hasta el verano del 2020 y un aumento de su sueldo hasta los\u00a0nueve millones de euros, no obstante, el <em>Larguero\u00a0<\/em>inform\u00f3 este d\u00eda algunos datos sobre la charla.<\/p>\n<p>En dicha publicaci\u00f3n se indica que Florentino le dijo a Sergio que nunca se cuestion\u00f3 su venta, ya que si lo hac\u00eda, \u00e9l tambi\u00e9n tendr\u00eda que irse.<\/p>\n<p>&#8220;Si te vendo, me tengo que ir yo al d\u00eda siguiente. No me fuerces a hacerlo&#8221;, mencion\u00f3 el presidente del Real Madrid al futbolista de <em>Camas<\/em>.<\/p>\n<p>Florentino P\u00e9rez le destac\u00f3 a Sergio Ramos que si un club est\u00e1 interesado en adquirir sus servicios deber\u00e1 pagar su cl\u00e1usula de rescisi\u00f3n que est\u00e1 valorada en 200 millones de euros, agreg\u00f3 el portal informativo.<\/p>\n","protected":false},"excerpt":{"rendered":"<p>El presidente merengue le sugiri\u00f3 a Sergio Ramos quedarse en el plantel<\/p>\n","protected":false},"author":20,"featured_media":297934,"comment_status":"open","ping_status":"open","sticky":false,"template":"","format":"standard","meta":[],"categories":[3839,3844],"tags":[491,5988,6020],"_links":{"self":[{"href":"http:\/\/desarrollo.grupomedios.com\/futbol\/wp-json\/wp\/v2\/posts\/297929"}],"collection":[{"href":"http:\/\/desarrollo.grupomedios.com\/futbol\/wp-json\/wp\/v2\/posts"}],"about":[{"href":"http:\/\/desarrollo.grupomedios.com\/futbol\/wp-json\/wp\/v2\/types\/post"}],"author":[{"embeddable":true,"href":"http:\/\/desarrollo.grupomedios.com\/futbol\/wp-json\/wp\/v2\/users\/20"}],"replies":[{"embeddable":true,"href":"http:\/\/desarrollo.grupomedios.com\/futbol\/wp-json\/wp\/v2\/comments?post=297929"}],"version-history":[{"count":0,"href":"http:\/\/desarrollo.grupomedios.com\/futbol\/wp-json\/wp\/v2\/posts\/297929\/revisions"}],"wp:featuredmedia":[{"embeddable":true,"href":"http:\/\/desarrollo.grupomedios.com\/futbol\/wp-json\/wp\/v2\/media\/297934"}],"wp:attachment":[{"href":"http:\/\/desarrollo.grupomedios.com\/futbol\/wp-json\/wp\/v2\/media?parent=297929"}],"wp:term":[{"taxonomy":"category","embeddable":true,"href":"http:\/\/desarrollo.grupomedios.com\/futbol\/wp-json\/wp\/v2\/categories?post=297929"},{"taxonomy":"post_tag","embeddable":true,"href":"http:\/\/desarrollo.grupomedios.com\/futbol\/wp-json\/wp\/v2\/tags?post=297929"}],"curies":[{"name":"wp","href":"https:\/\/api.w.org\/{rel}","templated":true}]}}