{"id":297981,"date":"2015-07-31T17:28:20","date_gmt":"2015-07-31T22:28:20","guid":{"rendered":"http:\/\/futboltotal.com.mx\/?p=297981"},"modified":"2015-07-31T17:28:20","modified_gmt":"2015-07-31T22:28:20","slug":"miguel-layun-titular-con-el-watford-2","status":"publish","type":"post","link":"http:\/\/desarrollo.grupomedios.com\/futbol\/futbol-internacional\/miguel-layun-titular-con-el-watford-2\/2015\/07","title":{"rendered":"Miguel Lay\u00fan, titular con el Watford"},"content":{"rendered":"<p>Tras su participaci\u00f3n en la Copa Oro con la Selecci\u00f3n Mexicana, <strong>Miguel Lay\u00fan<\/strong> report\u00f3 casi de inmediato a la pretemporada del <strong>Watford<\/strong>. Y este viernes, el lateral mexicano disput\u00f3 su primer partido de preparaci\u00f3n con los <em>Hornets<\/em>, escuadra que logr\u00f3 el ascenso a la Liga Premier en la pasada temporada.<\/p>\n<p><strong>Miguel Lay\u00fan<\/strong> fue titular y particip\u00f3 54 minutos en la derrota (1-0) que el Watford, ahora dirigido por Quique S\u00e1nchez Flores, sufri\u00f3 ante el Sevilla, en duelo de preparaci\u00f3n de cara para la pr\u00f3xima temporada.<\/p>\n<blockquote class=\"twitter-tweet\" lang=\"es\">\n<p dir=\"ltr\" lang=\"en\">SNAPSHOT: <a href=\"https:\/\/twitter.com\/Miguel_layun\">@Miguel_layun<\/a> in action for <a href=\"https:\/\/twitter.com\/hashtag\/watfordfc?src=hash\">#watfordfc<\/a> during the first-half at the Vic, against Sevilla. <a href=\"http:\/\/t.co\/1Vsh5c9iPq\">pic.twitter.com\/1Vsh5c9iPq<\/a><\/p>\n<p>\u2014 Watford FC (@WatfordFC) <a href=\"https:\/\/twitter.com\/WatfordFC\/status\/627209201778040832\">julio 31, 2015<\/a><\/p><\/blockquote>\n<p><script src=\"\/\/platform.twitter.com\/widgets.js\" async=\"\" charset=\"utf-8\"><\/script><\/p>\n<p>El lateral mexicano, que gan\u00f3 hace unos d\u00edas la Copa Oro con la selecci\u00f3n de M\u00e9xico, se mostr\u00f3 activo durante los minutos que estuvo en el campo. <strong>Miguel Lay\u00fan<\/strong>, jugador de 27 a\u00f1os de edad, fue sustituido por Jos\u00e9 Holebas, exfutbolista de la Roma reci\u00e9n llegado al <strong>Watford<\/strong>.<\/p>\n<p><span style=\"color: #ff0000;\">Noveno <em>azteca<\/em> en la Premier<\/span> |\u00a0<strong>Watford<\/strong> est\u00e1 de regreso en\u00a0la\u00a0<em>Premier League<\/em>. Y con ello,\u00a0<strong>Miguel Lay\u00fan<\/strong>, que pertenece al Granada y est\u00e1 a pr\u00e9stamo con los\u00a0<em>Hornets<\/em>, se convertir\u00e1 en el noveno\u00a0mexicano en la Primera Divisi\u00f3n\u00a0del futbol ingl\u00e9s, tras las apariciones de\u00a0<strong>Jared Borgetti<\/strong>,\u00a0<strong>Carlos Vela<\/strong>,\u00a0<strong>Giovani dos Santos<\/strong>,\u00a0<strong>Pablo Barrera<\/strong>,\u00a0<strong>Carlos Salcido,\u00a0Nery Castillo<\/strong>,\u00a0<strong>Guillermo Franco<\/strong>\u00a0y\u00a0<strong>Chicharito Hern\u00e1ndez<\/strong>.<\/p>\n","protected":false},"excerpt":{"rendered":"<p>El cuadro ingl\u00e9s perdi\u00f3 ante el Sevilla en duelo amistoso<\/p>\n","protected":false},"author":20,"featured_media":297983,"comment_status":"open","ping_status":"open","sticky":false,"template":"","format":"standard","meta":[],"categories":[3839,3846],"tags":[1035,4370],"_links":{"self":[{"href":"http:\/\/desarrollo.grupomedios.com\/futbol\/wp-json\/wp\/v2\/posts\/297981"}],"collection":[{"href":"http:\/\/desarrollo.grupomedios.com\/futbol\/wp-json\/wp\/v2\/posts"}],"about":[{"href":"http:\/\/desarrollo.grupomedios.com\/futbol\/wp-json\/wp\/v2\/types\/post"}],"author":[{"embeddable":true,"href":"http:\/\/desarrollo.grupomedios.com\/futbol\/wp-json\/wp\/v2\/users\/20"}],"replies":[{"embeddable":true,"href":"http:\/\/desarrollo.grupomedios.com\/futbol\/wp-json\/wp\/v2\/comments?post=297981"}],"version-history":[{"count":0,"href":"http:\/\/desarrollo.grupomedios.com\/futbol\/wp-json\/wp\/v2\/posts\/297981\/revisions"}],"wp:featuredmedia":[{"embeddable":true,"href":"http:\/\/desarrollo.grupomedios.com\/futbol\/wp-json\/wp\/v2\/media\/297983"}],"wp:attachment":[{"href":"http:\/\/desarrollo.grupomedios.com\/futbol\/wp-json\/wp\/v2\/media?parent=297981"}],"wp:term":[{"taxonomy":"category","embeddable":true,"href":"http:\/\/desarrollo.grupomedios.com\/futbol\/wp-json\/wp\/v2\/categories?post=297981"},{"taxonomy":"post_tag","embeddable":true,"href":"http:\/\/desarrollo.grupomedios.com\/futbol\/wp-json\/wp\/v2\/tags?post=297981"}],"curies":[{"name":"wp","href":"https:\/\/api.w.org\/{rel}","templated":true}]}}