{"id":298123,"date":"2015-08-01T11:50:52","date_gmt":"2015-08-01T16:50:52","guid":{"rendered":"http:\/\/futboltotal.com.mx\/?p=298123"},"modified":"2015-08-01T12:53:44","modified_gmt":"2015-08-01T17:53:44","slug":"la-mama-de-pedro-senalo-que-abandonara-al-barcelona","status":"publish","type":"post","link":"http:\/\/desarrollo.grupomedios.com\/futbol\/futbol-internacional\/la-mama-de-pedro-senalo-que-abandonara-al-barcelona\/2015\/08","title":{"rendered":"Mam\u00e1 de Pedro se\u00f1al\u00f3 que abandonar\u00e1 Barcelona"},"content":{"rendered":"<p>El eterno <strong>Pedro Rodr\u00edguez<\/strong>, uno de los futbolistas m\u00e1s representativos de la casa <em>blaugrana<\/em> est\u00e1 muy cerca de concluir su ciclo con el equipo de sus amores, el <strong>Barcelona<\/strong>.<\/p>\n<p><em>Pedrito\u00a0<\/em>es uno de los jugadores que\u00a0supo adaptarse al sistema <em>cul\u00e9<\/em> gracias a sus caracter\u00edsticas y virtudes que asimilan desde\u00a0la Mas\u00eda. Esa gran cualidad que lo hace sobresalir entre varios artilleros, lo han colocado cada vez m\u00e1s cerca de fichar con el <strong>Manchester United<\/strong>. Tras ser un elemento indiscutible de recambio en el tridente ofensivo de Luis Enrique, el <em>Canario<\/em> busca un panorama distinto\u00a0\u00a0con una escuadra que le brinde los minutos que el necesita.<\/p>\n<p>Jaime Lorenzo, presidente del <strong>Raqui San Isidro,<\/strong> escuadra dio inicio a la trayectoria de Pedro, coment\u00f3 en una entrevista realizada por <em>El\u00a0Larguero<\/em>, que el delantero tinerfe\u00f1o terminar\u00e1 su etapa con el <strong>Barcelona<\/strong>.<\/p>\n<p>&#8220;El otro d\u00eda la<strong>\u00a0<\/strong>madre de Pedro<strong>\u00a0<\/strong>nos dijo que se va para Inglaterra&#8221;, revel\u00f3 el presidente del equipo.\u00a0Ante esta pol\u00e9mica declaraci\u00f3n, suma m\u00e1s fuerza la salida del jugador <em>azulgrana<\/em>\u00a0con destino Manchester United.<\/p>\n<p><strong>Un adi\u00f3s ante la afici\u00f3n blaugrana<\/strong><\/p>\n<p>Ante la posible salida de Pedro, se ha concretado la teor\u00eda de que el <em>canario<\/em> se despedir\u00e1 de su p\u00fablico cuando el Barcelona dispute la edici\u00f3n n\u00famero 50 del trofeo Joan Gamper frente a la Roma el pr\u00f3ximo mi\u00e9rcoles. Tras concluir el encuentro, existe la posibilidad de que <strong>Pedro Rodr\u00edguez<\/strong> anuncie de manera oficial su salida de la instituci\u00f3n <em>blaugrana<\/em>.<\/p>\n","protected":false},"excerpt":{"rendered":"<p>Su despedida podr\u00eda hacerse oficial la pr\u00f3xima semana <\/p>\n","protected":false},"author":20,"featured_media":298125,"comment_status":"open","ping_status":"open","sticky":false,"template":"","format":"standard","meta":[],"categories":[3839,3844,3846],"tags":[5984,43,3396],"_links":{"self":[{"href":"http:\/\/desarrollo.grupomedios.com\/futbol\/wp-json\/wp\/v2\/posts\/298123"}],"collection":[{"href":"http:\/\/desarrollo.grupomedios.com\/futbol\/wp-json\/wp\/v2\/posts"}],"about":[{"href":"http:\/\/desarrollo.grupomedios.com\/futbol\/wp-json\/wp\/v2\/types\/post"}],"author":[{"embeddable":true,"href":"http:\/\/desarrollo.grupomedios.com\/futbol\/wp-json\/wp\/v2\/users\/20"}],"replies":[{"embeddable":true,"href":"http:\/\/desarrollo.grupomedios.com\/futbol\/wp-json\/wp\/v2\/comments?post=298123"}],"version-history":[{"count":0,"href":"http:\/\/desarrollo.grupomedios.com\/futbol\/wp-json\/wp\/v2\/posts\/298123\/revisions"}],"wp:featuredmedia":[{"embeddable":true,"href":"http:\/\/desarrollo.grupomedios.com\/futbol\/wp-json\/wp\/v2\/media\/298125"}],"wp:attachment":[{"href":"http:\/\/desarrollo.grupomedios.com\/futbol\/wp-json\/wp\/v2\/media?parent=298123"}],"wp:term":[{"taxonomy":"category","embeddable":true,"href":"http:\/\/desarrollo.grupomedios.com\/futbol\/wp-json\/wp\/v2\/categories?post=298123"},{"taxonomy":"post_tag","embeddable":true,"href":"http:\/\/desarrollo.grupomedios.com\/futbol\/wp-json\/wp\/v2\/tags?post=298123"}],"curies":[{"name":"wp","href":"https:\/\/api.w.org\/{rel}","templated":true}]}}