{"id":298160,"date":"2015-08-01T13:30:46","date_gmt":"2015-08-01T18:30:46","guid":{"rendered":"http:\/\/futboltotal.com.mx\/?p=298160"},"modified":"2015-08-01T14:07:40","modified_gmt":"2015-08-01T19:07:40","slug":"casillas-demuestra-con-atajadas-que-real-madrid-se-equivoco","status":"publish","type":"post","link":"http:\/\/desarrollo.grupomedios.com\/futbol\/futbol-internacional\/casillas-demuestra-con-atajadas-que-real-madrid-se-equivoco\/2015\/08","title":{"rendered":"Casillas con atajada enorme como a\u00f1os atr\u00e1s"},"content":{"rendered":"<p><strong>Iker Casillas<\/strong> jug\u00f3 con el Porto y lo hizo como en sus mejores d\u00edas. La \u00faltima vez que el cancerbero espa\u00f1ol\u00a0jug\u00f3 contra el Valencia, el Santiago Bernab\u00e9u no le perdon\u00f3 ni una. En Colonia, sin embargo, se volvi\u00f3 a cruzar con los de Nuno y los aficionados locales le procesaron todos sus respetos. Festejaban cada vez que tocaba el bal\u00f3n y cantaban &#8220;Iker, Iker&#8221; sin importar el momento.<\/p>\n<p>Pocas acciones de peligro evit\u00f3 Iker Casillas, sin embargo, al finalizar el duelo con un empate sin goles, el formato del\u00a0torneo les ten\u00eda preparada una sorpresa. En caso de igualada\u00a0el ganador se tendr\u00eda que decidir por penaltis y el antes \u00eddolo <em>merengue<\/em>, se convierte de apoco en el m\u00e1s idolatrado por los fan\u00e1ticos del Porto.<\/p>\n<p>Casillas adivin\u00f3 el sexto lanzamiento a Joao Cancelo con un lance para los fotogr\u00e1fos y con ayuda del poste, permiti\u00f3 que el Porto se llevase la Copa en cuesti\u00f3n y el premio al mejor jugador del partido.<\/p>\n<p><a href=\"http:\/\/futboltotal.com.mx\/wp-content\/uploads\/2015\/08\/Casillas-MVP-.jpg\"><img decoding=\"async\" loading=\"lazy\" class=\"alignnone size-full wp-image-298163\" src=\"http:\/\/futboltotal.com.mx\/wp-content\/uploads\/2015\/08\/Casillas-MVP-.jpg\" alt=\"Casillas MVP\" srcset=\"http:\/\/desarrollo.grupomedios.com\/futbol\/wp-content\/uploads\/2015\/08\/Casillas-MVP-.jpg 820w, http:\/\/desarrollo.grupomedios.com\/futbol\/wp-content\/uploads\/2015\/08\/Casillas-MVP--300x202.jpg 300w\" sizes=\"(max-width: 820px) 100vw, 820px\" \/><\/a><\/p>\n<p><iframe loading=\"lazy\" src=\"https:\/\/www.youtube.com\/embed\/J5WYZClk24A\" frameborder=\"0\" allowfullscreen=\"allowfullscreen\"><\/iframe><\/p>\n<p><strong>H\u00e9ctor Herrera regres\u00f3 con el Porto\u00a0<\/strong><\/p>\n<p>Otro que tambi\u00e9n tuvo minutos de juego fue H\u00e9ctor Herrera. El mexicano regres\u00f3 de la Copa Oro e inmediatamente fue utilizado. Pese a que inici\u00f3 en el banco, a los 20 minutos Julen Lopetegui lo hizo ingresar, sin embargo, fue de llamar la atenci\u00f3n que solo disputar\u00e1 25 minutos y en el entretiempo lo sac\u00f3 del planteamiento. Habr\u00e1 que esperar si se debi\u00f3 a una lesi\u00f3n, o simplemente quer\u00eda averiguar su estado f\u00edsico.<\/p>\n","protected":false},"excerpt":{"rendered":"<p>H\u00e9ctor Herrera regres\u00f3 al Porto pero poco pudo hacer en su escasa participaci\u00f3n <\/p>\n","protected":false},"author":20,"featured_media":298177,"comment_status":"open","ping_status":"open","sticky":false,"template":"","format":"standard","meta":[],"categories":[3839,3844],"tags":[5995,6019,6077],"_links":{"self":[{"href":"http:\/\/desarrollo.grupomedios.com\/futbol\/wp-json\/wp\/v2\/posts\/298160"}],"collection":[{"href":"http:\/\/desarrollo.grupomedios.com\/futbol\/wp-json\/wp\/v2\/posts"}],"about":[{"href":"http:\/\/desarrollo.grupomedios.com\/futbol\/wp-json\/wp\/v2\/types\/post"}],"author":[{"embeddable":true,"href":"http:\/\/desarrollo.grupomedios.com\/futbol\/wp-json\/wp\/v2\/users\/20"}],"replies":[{"embeddable":true,"href":"http:\/\/desarrollo.grupomedios.com\/futbol\/wp-json\/wp\/v2\/comments?post=298160"}],"version-history":[{"count":0,"href":"http:\/\/desarrollo.grupomedios.com\/futbol\/wp-json\/wp\/v2\/posts\/298160\/revisions"}],"wp:featuredmedia":[{"embeddable":true,"href":"http:\/\/desarrollo.grupomedios.com\/futbol\/wp-json\/wp\/v2\/media\/298177"}],"wp:attachment":[{"href":"http:\/\/desarrollo.grupomedios.com\/futbol\/wp-json\/wp\/v2\/media?parent=298160"}],"wp:term":[{"taxonomy":"category","embeddable":true,"href":"http:\/\/desarrollo.grupomedios.com\/futbol\/wp-json\/wp\/v2\/categories?post=298160"},{"taxonomy":"post_tag","embeddable":true,"href":"http:\/\/desarrollo.grupomedios.com\/futbol\/wp-json\/wp\/v2\/tags?post=298160"}],"curies":[{"name":"wp","href":"https:\/\/api.w.org\/{rel}","templated":true}]}}