{"id":298162,"date":"2015-08-01T13:31:33","date_gmt":"2015-08-01T18:31:33","guid":{"rendered":"http:\/\/futboltotal.com.mx\/?p=298162"},"modified":"2015-08-01T13:31:33","modified_gmt":"2015-08-01T18:31:33","slug":"oficial-decio-de-maria-presidente-de-la-fmf","status":"publish","type":"post","link":"http:\/\/desarrollo.grupomedios.com\/futbol\/destacado-home\/oficial-decio-de-maria-presidente-de-la-fmf\/2015\/08","title":{"rendered":"OFICIAL: Decio de Mar\u00eda, presidente de la FMF"},"content":{"rendered":"<p>Este 1 de agosto de 2015, <b>Decio de Mar\u00eda<\/b> asumi\u00f3 oficialmente el cargo de presidente de la <b>Federaci\u00f3n Mexicana de Futbol<\/b> (FMF), en sustituci\u00f3n de <b>Justino Compe\u00e1n<\/b>.\u00a0Mediante un comunicado, el m\u00e1ximo organismo del balompi\u00e9 <em>azteca<\/em>\u00a0apunt\u00f3 que vive \u201cun d\u00eda de transici\u00f3n\u201d.<\/p>\n<p>\u201cTal como se acord\u00f3 en la trig\u00e9sima cuarta Asamblea Ordinaria, celebrada en mayo pasado, este 1 de agosto, <b>Decio de Mar\u00eda Serrano<\/b> toma el cargo de presidente de la <b>Federaci\u00f3n Mexicana de Futbol<\/b>; en tanto que, <b>Justino Compe\u00e1n<\/b> ser\u00e1 presidente Honorario hasta la celebraci\u00f3n del Congreso de FIFA que se celebrar\u00e1 en M\u00e9xico en 2016.<\/p>\n<p>\u201c<b>Decio de Mar\u00eda<\/b> toma una Federaci\u00f3n en constante crecimiento, con la visi\u00f3n de posicionar al futbol mexicano en las altas esferas del balompi\u00e9 mundial\u201d, comunic\u00f3 la <b>FMF<\/b>.<\/p>\n<p>El pasado martes,\u00a0<b>Decio de Mar\u00eda<\/b>, antes de tomar el cargo de manera oficial, dio a conocer la destituci\u00f3n de <strong>Miguel Herrera<\/strong> como t\u00e9cnico de la <strong>Selecci\u00f3n Mexicana<\/strong>.\u00a0Ahora,\u00a0su primera gran decisi\u00f3n ser\u00e1 elegir al nuevo entrenador\u00a0del <em>Tricolor<\/em>; adem\u00e1s, se\u00a0espera conocer el futuro del resto de los estrategas de las diferentes categor\u00edas de las selecciones nacionales y del combinado femenil.<\/p>\n<p>Bajo el mando de\u00a0<strong>Justino Compe\u00e1n<\/strong>, El ex presidente\u00a0de la <strong>Liga MX\u00a0<\/strong>explot\u00f3 sus conocimientos en econom\u00eda, aunque ahora con todo el poder al frente deber\u00e1 enfocarse al cien por ciento en lo deportivo, pues vienen nuevos retos.\u00a0En ese sentido, el primer objetivo de <strong>Decio de\u00a0Mar\u00eda<\/strong> ser\u00e1 clasificar a la <strong>Copa Confederaciones Rusia 2017<\/strong>, boleto que M\u00e9xico disputar\u00e1\u00a0el\u00a0octubre pr\u00f3ximo ante Estados Unidos.<\/p>\n","protected":false},"excerpt":{"rendered":"<p>Elegir al nuevo DT del Tricolor, su primera gran decisi\u00f3n<\/p>\n","protected":false},"author":20,"featured_media":298165,"comment_status":"open","ping_status":"open","sticky":false,"template":"","format":"standard","meta":[],"categories":[5,2198,3845,3847],"tags":[956,223,65],"_links":{"self":[{"href":"http:\/\/desarrollo.grupomedios.com\/futbol\/wp-json\/wp\/v2\/posts\/298162"}],"collection":[{"href":"http:\/\/desarrollo.grupomedios.com\/futbol\/wp-json\/wp\/v2\/posts"}],"about":[{"href":"http:\/\/desarrollo.grupomedios.com\/futbol\/wp-json\/wp\/v2\/types\/post"}],"author":[{"embeddable":true,"href":"http:\/\/desarrollo.grupomedios.com\/futbol\/wp-json\/wp\/v2\/users\/20"}],"replies":[{"embeddable":true,"href":"http:\/\/desarrollo.grupomedios.com\/futbol\/wp-json\/wp\/v2\/comments?post=298162"}],"version-history":[{"count":0,"href":"http:\/\/desarrollo.grupomedios.com\/futbol\/wp-json\/wp\/v2\/posts\/298162\/revisions"}],"wp:featuredmedia":[{"embeddable":true,"href":"http:\/\/desarrollo.grupomedios.com\/futbol\/wp-json\/wp\/v2\/media\/298165"}],"wp:attachment":[{"href":"http:\/\/desarrollo.grupomedios.com\/futbol\/wp-json\/wp\/v2\/media?parent=298162"}],"wp:term":[{"taxonomy":"category","embeddable":true,"href":"http:\/\/desarrollo.grupomedios.com\/futbol\/wp-json\/wp\/v2\/categories?post=298162"},{"taxonomy":"post_tag","embeddable":true,"href":"http:\/\/desarrollo.grupomedios.com\/futbol\/wp-json\/wp\/v2\/tags?post=298162"}],"curies":[{"name":"wp","href":"https:\/\/api.w.org\/{rel}","templated":true}]}}