{"id":298183,"date":"2015-08-01T14:36:13","date_gmt":"2015-08-01T19:36:13","guid":{"rendered":"http:\/\/futboltotal.com.mx\/?p=298183"},"modified":"2015-08-01T14:36:13","modified_gmt":"2015-08-01T19:36:13","slug":"roberto-soldado-un-obstaculo-mas-para-raul-jimenez","status":"publish","type":"post","link":"http:\/\/desarrollo.grupomedios.com\/futbol\/futbol-internacional\/roberto-soldado-un-obstaculo-mas-para-raul-jimenez\/2015\/08","title":{"rendered":"Roberto Soldado, un obst\u00e1culo m\u00e1s para Ra\u00fal Jim\u00e9nez"},"content":{"rendered":"<p>El <strong>Benfica<\/strong> est\u00e1 interesado en fichar al delantero espa\u00f1ol <strong>Roberto Soldado<\/strong>, que milita actualmente en el Tottenham. La salida de Rodrigo Lima del equipo campe\u00f3n de Portugal, pone en b\u00fasqueda de atacantes para su arsenal ofensivo, en una lista en la que tambi\u00e9n se encuentra el mexicano Ra\u00fal Jim\u00e9nez. <\/p>\n<p>Seg\u00fan <em>O Jogo<\/em>, el Benfica considera que Soldado ser\u00eda un buen sustituto del delantero brasile\u00f1o Rodrigo Lima, que fue traspasado esta semana al Al Ahli de Dubai.<\/p>\n<p>La llegada de Soldado ser\u00eda adem\u00e1s una alternativa al fichaje del mexicano Ra\u00fal Jim\u00e9nez, del Atl\u00e9tico de Madrid, por el que el Benfica tambi\u00e9n ha mostrado inter\u00e9s en las \u00faltimas semanas. No obstante, <a href=\"http:\/\/futboltotal.com.mx\/2015\/07\/raul-jimenez-cerca-de-llegar-al-west-ham\/\">su posible marcha a la Premier League, como especula la prensa<\/a>, ha provocado que el Benfica cambie de objetivo y se fije ahora en Soldado, seg\u00fan el diario luso.<\/p>\n<p><a href=\"http:\/\/futboltotal.com.mx\/wp-content\/uploads\/2015\/08\/Soldado.jpg\"><img decoding=\"async\" loading=\"lazy\" src=\"http:\/\/futboltotal.com.mx\/wp-content\/uploads\/2015\/08\/Soldado.jpg\" alt=\"Soldado\" class=\"alignnone size-full wp-image-298185\" srcset=\"http:\/\/desarrollo.grupomedios.com\/futbol\/wp-content\/uploads\/2015\/08\/Soldado.jpg 1400w, http:\/\/desarrollo.grupomedios.com\/futbol\/wp-content\/uploads\/2015\/08\/Soldado-300x231.jpg 300w, http:\/\/desarrollo.grupomedios.com\/futbol\/wp-content\/uploads\/2015\/08\/Soldado-1024x788.jpg 1024w\" sizes=\"(max-width: 1400px) 100vw, 1400px\" \/><\/a><\/p>\n<p>El fichaje de Soldado con el Benfica supondr\u00eda su primera incursi\u00f3n en el f\u00fatbol portugu\u00e9s despu\u00e9s de desarrollar la mayor parte de su carrera en Espa\u00f1a, a excepci\u00f3n de las \u00faltimas dos temporadas, que pas\u00f3 en el Tottenham. El espa\u00f1ol de 30 a\u00f1os, fich\u00f3 por el Tottenham en agosto de 2013 por 34 millones de euros, convirti\u00e9ndose en el fichaje m\u00e1s caro en la historia de los <em>Spurs<\/em>.<\/p>\n<p><strong>Ra\u00fal Jim\u00e9nez tiene varias alternativas<\/strong>, con el Benfica perfil\u00e1ndose como la mejor oportunidad de minutos en una escuadra que luchar\u00e1 t\u00edtulos en varios frentes, sin embargo, Soldado puede ser el nuevo obst\u00e1culo que el mexicano deber\u00e1 superar.<\/p>\n","protected":false},"excerpt":{"rendered":"<p>El Benfica cuenta con el delantero espa\u00f1ol como otra alternativa de fichaje <\/p>\n","protected":false},"author":20,"featured_media":297345,"comment_status":"open","ping_status":"open","sticky":false,"template":"","format":"standard","meta":[],"categories":[3839,3844],"tags":[6060,742,2440],"_links":{"self":[{"href":"http:\/\/desarrollo.grupomedios.com\/futbol\/wp-json\/wp\/v2\/posts\/298183"}],"collection":[{"href":"http:\/\/desarrollo.grupomedios.com\/futbol\/wp-json\/wp\/v2\/posts"}],"about":[{"href":"http:\/\/desarrollo.grupomedios.com\/futbol\/wp-json\/wp\/v2\/types\/post"}],"author":[{"embeddable":true,"href":"http:\/\/desarrollo.grupomedios.com\/futbol\/wp-json\/wp\/v2\/users\/20"}],"replies":[{"embeddable":true,"href":"http:\/\/desarrollo.grupomedios.com\/futbol\/wp-json\/wp\/v2\/comments?post=298183"}],"version-history":[{"count":0,"href":"http:\/\/desarrollo.grupomedios.com\/futbol\/wp-json\/wp\/v2\/posts\/298183\/revisions"}],"wp:featuredmedia":[{"embeddable":true,"href":"http:\/\/desarrollo.grupomedios.com\/futbol\/wp-json\/wp\/v2\/media\/297345"}],"wp:attachment":[{"href":"http:\/\/desarrollo.grupomedios.com\/futbol\/wp-json\/wp\/v2\/media?parent=298183"}],"wp:term":[{"taxonomy":"category","embeddable":true,"href":"http:\/\/desarrollo.grupomedios.com\/futbol\/wp-json\/wp\/v2\/categories?post=298183"},{"taxonomy":"post_tag","embeddable":true,"href":"http:\/\/desarrollo.grupomedios.com\/futbol\/wp-json\/wp\/v2\/tags?post=298183"}],"curies":[{"name":"wp","href":"https:\/\/api.w.org\/{rel}","templated":true}]}}