{"id":298213,"date":"2015-08-01T15:52:45","date_gmt":"2015-08-01T20:52:45","guid":{"rendered":"http:\/\/futboltotal.com.mx\/?p=298213"},"modified":"2015-08-01T15:53:42","modified_gmt":"2015-08-01T20:53:42","slug":"atajadon-de-casteels-de-superheroe","status":"publish","type":"post","link":"http:\/\/desarrollo.grupomedios.com\/futbol\/videos\/atajadon-de-casteels-de-superheroe\/2015\/08","title":{"rendered":"Atajad\u00f3n de Koen Casteels de superh\u00e9roe"},"content":{"rendered":"<p>Recuerden este nombre, <strong>Koen Casteels<\/strong>. El guardameta belga del Wolfsburgo se sobrepuso a un error que permiti\u00f3 el tanto de la apertura en el marcador para Arjen Robben en duelo de la Supercopa de Alemania y lo hizo de maravillosa forma. <\/p>\n<p>A pesar de la colaboraci\u00f3n de Casteels tuvo su revancha luego de que el duelo se fuera hasta la instancia desde el manch\u00f3n de penalti. Ah\u00ed, el joven belga se transform\u00f3 y como superh\u00e9roe estir\u00f3 su pierna izquierda para evitar que el disparo de Xabi Alonso ingresar\u00e1 entre los postes. Su bot\u00edn mand\u00f3 la redonda por encima de la porter\u00eda y provoc\u00f3 la tristeza del espa\u00f1ol y de los fan\u00e1ticos del Bayern Minich, pues gracias a eso el Wolfsburgo dej\u00f3 sin el primer t\u00edtulo de la temporada al Bayern Munich, luego de imponerse por 5-4 en los penaltis tras empatar a 1-1 en el tiempo reglamentario.<\/p>\n<blockquote class=\"twitter-tweet\" lang=\"es\">\n<p lang=\"es\" dir=\"ltr\">\u00a1Parad\u00f3n a Xabi Alonso! <a href=\"http:\/\/t.co\/9WzsdOUggG\">http:\/\/t.co\/9WzsdOUggG<\/a> <a href=\"https:\/\/t.co\/6t4JfmJnxl\">https:\/\/t.co\/6t4JfmJnxl<\/a><\/p>\n<p>&mdash; futboltotal (@futboltotal) <a href=\"https:\/\/twitter.com\/futboltotal\/status\/627577296728248320\">agosto 1, 2015<\/a><\/p><\/blockquote>\n<p><script async src=\"\/\/platform.twitter.com\/widgets.js\" charset=\"utf-8\"><\/script><\/p>\n<p>Casteels no es el titular, pues el Diego Benaglio es el habitual en el arco de los <em>Lobos<\/em>, adem\u00e1s de ser el capit\u00e1n, pero despu\u00e9s de ver estos reflejos, queda claro que merece una oportunidad para deslumbrar al planeta futbol con m\u00e1s atajadas memorables. <\/p>\n","protected":false},"excerpt":{"rendered":"<p>El guardameta belga utiliz\u00f3 el pie para evitar el gol de Xabi Alonso<\/p>\n","protected":false},"author":20,"featured_media":298214,"comment_status":"open","ping_status":"open","sticky":false,"template":"","format":"standard","meta":[],"categories":[4],"tags":[5873,3521],"_links":{"self":[{"href":"http:\/\/desarrollo.grupomedios.com\/futbol\/wp-json\/wp\/v2\/posts\/298213"}],"collection":[{"href":"http:\/\/desarrollo.grupomedios.com\/futbol\/wp-json\/wp\/v2\/posts"}],"about":[{"href":"http:\/\/desarrollo.grupomedios.com\/futbol\/wp-json\/wp\/v2\/types\/post"}],"author":[{"embeddable":true,"href":"http:\/\/desarrollo.grupomedios.com\/futbol\/wp-json\/wp\/v2\/users\/20"}],"replies":[{"embeddable":true,"href":"http:\/\/desarrollo.grupomedios.com\/futbol\/wp-json\/wp\/v2\/comments?post=298213"}],"version-history":[{"count":0,"href":"http:\/\/desarrollo.grupomedios.com\/futbol\/wp-json\/wp\/v2\/posts\/298213\/revisions"}],"wp:featuredmedia":[{"embeddable":true,"href":"http:\/\/desarrollo.grupomedios.com\/futbol\/wp-json\/wp\/v2\/media\/298214"}],"wp:attachment":[{"href":"http:\/\/desarrollo.grupomedios.com\/futbol\/wp-json\/wp\/v2\/media?parent=298213"}],"wp:term":[{"taxonomy":"category","embeddable":true,"href":"http:\/\/desarrollo.grupomedios.com\/futbol\/wp-json\/wp\/v2\/categories?post=298213"},{"taxonomy":"post_tag","embeddable":true,"href":"http:\/\/desarrollo.grupomedios.com\/futbol\/wp-json\/wp\/v2\/tags?post=298213"}],"curies":[{"name":"wp","href":"https:\/\/api.w.org\/{rel}","templated":true}]}}