{"id":298232,"date":"2015-08-01T17:42:32","date_gmt":"2015-08-01T22:42:32","guid":{"rendered":"http:\/\/futboltotal.com.mx\/?p=298232"},"modified":"2015-08-02T10:53:32","modified_gmt":"2015-08-02T15:53:32","slug":"hector-herrera-reaparece-con-porto","status":"publish","type":"post","link":"http:\/\/desarrollo.grupomedios.com\/futbol\/futbol-internacional\/hector-herrera-reaparece-con-porto\/2015\/08","title":{"rendered":"H\u00e9ctor Herrera reaparece con Porto"},"content":{"rendered":"<p>En partido de preparaci\u00f3n rumbo a la temporada 2015-16, <strong>Porto<\/strong> y <strong>Valencia<\/strong> sostuvieron un encuentro que se tuvo que definir a trav\u00e9s de los once pasos. En el partido, <strong>H\u00e9ctor Herrera<\/strong> ingres\u00f3 de cambio \u00a0pero sali\u00f3 sustituido en el medio tiempo.<\/p>\n<p><strong>H\u00e9ctor Herrera<\/strong> vio actividad con su equipo, luego de que participara con la <strong><a href=\"http:\/\/www.futboltotal.com.mx\/futbol-mexicano\/seleccion-mexicana\/\" target=\"_blank\">Selecci\u00f3n Mexicana<\/a><\/strong> en la Copa Oro 2015. El mexicano fue convocado al partido del <strong>Porto<\/strong> pero no sali\u00f3 como titular; no obstante, al minuto 21, ingres\u00f3 al terreno de juego en el lugar de Evandro.<\/p>\n<p>Quien si vio actividad con el cuadro portugu\u00e9s, desde el principio, fue <strong>Iker Casillas<\/strong>, quien evit\u00f3 el gol en contra durante todo el juego; sin embargo, el <strong>Porto<\/strong> tampoco pudo hacerle gol a Valencia, por lo que el partido se fue hasta la tanda de penales.\u00a0El desempe\u00f1o de <strong>H\u00e9ctor Herrera<\/strong> fue regular, igual que el resto de su equipo; no obstante, parec\u00eda m\u00e1s ligero de c\u00f3mo se le vio con el <em>Tri<\/em>.<\/p>\n<p>El cuadro portugu\u00e9s domin\u00f3 el encuentro de principio a fin, pues Valencia cedi\u00f3 la iniciativa y prefiri\u00f3 jugar al contragolpe. Por ello el resultado no se movi\u00f3 en el tiempo regular, ya que <strong>Porto<\/strong> no pudo abrir el cerrojo defensivo de la escuadra espa\u00f1ola; y Valencia efectu\u00f3 jugadas de peligro, en pocas oportunidades.<\/p>\n<p>En los penales,\u00a0<strong>Porto<\/strong> se impuso en la tanda por cinco a cuatro, ya que <strong><a href=\"http:\/\/futboltotal.com.mx\/2015\/08\/casillas-demuestra-con-atajadas-que-real-madrid-se-equivoco\/\" target=\"_blank\">Iker Casillas<\/a><\/strong> detuvo el \u00faltimo penal de Valencia.<\/p>\n<p>&nbsp;<\/p>\n","protected":false},"excerpt":{"rendered":"<p>El mexicano ingres\u00f3 de cambio en la victoria de su equipo sobre el Valencia<\/p>\n","protected":false},"author":20,"featured_media":287047,"comment_status":"open","ping_status":"open","sticky":false,"template":"","format":"standard","meta":[],"categories":[3839,3844],"tags":[5995,6077,87],"_links":{"self":[{"href":"http:\/\/desarrollo.grupomedios.com\/futbol\/wp-json\/wp\/v2\/posts\/298232"}],"collection":[{"href":"http:\/\/desarrollo.grupomedios.com\/futbol\/wp-json\/wp\/v2\/posts"}],"about":[{"href":"http:\/\/desarrollo.grupomedios.com\/futbol\/wp-json\/wp\/v2\/types\/post"}],"author":[{"embeddable":true,"href":"http:\/\/desarrollo.grupomedios.com\/futbol\/wp-json\/wp\/v2\/users\/20"}],"replies":[{"embeddable":true,"href":"http:\/\/desarrollo.grupomedios.com\/futbol\/wp-json\/wp\/v2\/comments?post=298232"}],"version-history":[{"count":0,"href":"http:\/\/desarrollo.grupomedios.com\/futbol\/wp-json\/wp\/v2\/posts\/298232\/revisions"}],"wp:featuredmedia":[{"embeddable":true,"href":"http:\/\/desarrollo.grupomedios.com\/futbol\/wp-json\/wp\/v2\/media\/287047"}],"wp:attachment":[{"href":"http:\/\/desarrollo.grupomedios.com\/futbol\/wp-json\/wp\/v2\/media?parent=298232"}],"wp:term":[{"taxonomy":"category","embeddable":true,"href":"http:\/\/desarrollo.grupomedios.com\/futbol\/wp-json\/wp\/v2\/categories?post=298232"},{"taxonomy":"post_tag","embeddable":true,"href":"http:\/\/desarrollo.grupomedios.com\/futbol\/wp-json\/wp\/v2\/tags?post=298232"}],"curies":[{"name":"wp","href":"https:\/\/api.w.org\/{rel}","templated":true}]}}