{"id":298258,"date":"2015-08-01T18:51:32","date_gmt":"2015-08-01T23:51:32","guid":{"rendered":"http:\/\/futboltotal.com.mx\/?p=298258"},"modified":"2015-08-01T18:53:05","modified_gmt":"2015-08-01T23:53:05","slug":"terribles-fallas-de-dario-benedetto","status":"publish","type":"post","link":"http:\/\/desarrollo.grupomedios.com\/futbol\/uncategorized\/terribles-fallas-de-dario-benedetto\/2015\/08","title":{"rendered":"Terribles fallas de Dar\u00edo Benedetto"},"content":{"rendered":"<p>El delantero argentino <strong>Dar\u00edo Benedetto<\/strong>, jugador de las <em>\u00c1guilas<\/em> del <strong>Am\u00e9rica<\/strong>, se despach\u00f3 con dos\u00a0terribles\u00a0fallas contra los <em>rojinegros<\/em> del <strong>Atlas<\/strong>, en duelo de segunda jornada del <strong>Apertura 2015<\/strong> que se disputa en la cancha del estadio Azteca.<\/p>\n<p>La primera falla de\u00a0<strong>Benedetto<\/strong>\u00a0lleg\u00f3 al minuto 34\u00a0tras un preciso servicio del colombiano Darwin Quintero.<\/p>\n<p><iframe loading=\"lazy\" src=\"https:\/\/vine.co\/v\/eH7mZDTUBXA\/embed\/simple\" frameborder=\"0\"><\/iframe><\/p>\n<p><script src=\"https:\/\/platform.vine.co\/static\/scripts\/embed.js\"><\/script>Y aunque despu\u00e9s del\u00a0garrafal error\u00a0marc\u00f3 el primer gol del <strong>Am\u00e9rica<\/strong>, en la segunda mitad <strong>Dar\u00edo Benedetto<\/strong> se despach\u00f3 con una nueva incre\u00edble falla. En la m\u00e1s f\u00e1cil del partido, el atacante argentino la vol\u00f3 y se escap\u00f3 la oportunidad de volver a empatar el partido para las <em>\u00c1guilas<\/em>.<\/p>\n<p><iframe loading=\"lazy\" src=\"https:\/\/vine.co\/v\/eH7HlhPLDaQ\/embed\/simple\" frameborder=\"0\"><\/iframe><script src=\"https:\/\/platform.vine.co\/static\/scripts\/embed.js\"><\/script><\/p>\n","protected":false},"excerpt":{"rendered":"<p>El delantero de las \u00c1guilas del Am\u00e9rica perdon\u00f3 en dos oportunidades al Atlas<\/p>\n","protected":false},"author":20,"featured_media":298261,"comment_status":"open","ping_status":"open","sticky":false,"template":"","format":"standard","meta":[],"categories":[2198,3845,1,4],"tags":[5959,3876],"_links":{"self":[{"href":"http:\/\/desarrollo.grupomedios.com\/futbol\/wp-json\/wp\/v2\/posts\/298258"}],"collection":[{"href":"http:\/\/desarrollo.grupomedios.com\/futbol\/wp-json\/wp\/v2\/posts"}],"about":[{"href":"http:\/\/desarrollo.grupomedios.com\/futbol\/wp-json\/wp\/v2\/types\/post"}],"author":[{"embeddable":true,"href":"http:\/\/desarrollo.grupomedios.com\/futbol\/wp-json\/wp\/v2\/users\/20"}],"replies":[{"embeddable":true,"href":"http:\/\/desarrollo.grupomedios.com\/futbol\/wp-json\/wp\/v2\/comments?post=298258"}],"version-history":[{"count":0,"href":"http:\/\/desarrollo.grupomedios.com\/futbol\/wp-json\/wp\/v2\/posts\/298258\/revisions"}],"wp:featuredmedia":[{"embeddable":true,"href":"http:\/\/desarrollo.grupomedios.com\/futbol\/wp-json\/wp\/v2\/media\/298261"}],"wp:attachment":[{"href":"http:\/\/desarrollo.grupomedios.com\/futbol\/wp-json\/wp\/v2\/media?parent=298258"}],"wp:term":[{"taxonomy":"category","embeddable":true,"href":"http:\/\/desarrollo.grupomedios.com\/futbol\/wp-json\/wp\/v2\/categories?post=298258"},{"taxonomy":"post_tag","embeddable":true,"href":"http:\/\/desarrollo.grupomedios.com\/futbol\/wp-json\/wp\/v2\/tags?post=298258"}],"curies":[{"name":"wp","href":"https:\/\/api.w.org\/{rel}","templated":true}]}}