{"id":298409,"date":"2015-08-02T09:33:03","date_gmt":"2015-08-02T14:33:03","guid":{"rendered":"http:\/\/futboltotal.com.mx\/?p=298409"},"modified":"2015-08-02T09:33:03","modified_gmt":"2015-08-02T14:33:03","slug":"los-20-futbolistas-mas-sobrevalorados","status":"publish","type":"post","link":"http:\/\/desarrollo.grupomedios.com\/futbol\/futbol-internacional\/liga-de-espana\/los-20-futbolistas-mas-sobrevalorados\/2015\/08","title":{"rendered":"Los 20 futbolistas m\u00e1s sobrevalorados"},"content":{"rendered":"<p>En el futbol hay jugadores que cuentan con un talento inmenso y otros que gracias a sus compa\u00f1eros, sus falencias se hacen menores y en ocasiones son mejor calificados por la prensa o el planeta futbol. El <em>Daily Telegraph<\/em> decidi\u00f3 hablar sobre los segundos, siempre de acuerdo a su l\u00ednea editorial y elabor\u00f3 una lista que con <strong>los 20 futbolistas m\u00e1s sobrevalorados<\/strong> de la historia. <\/p>\n<p>En el listado sorprende ver a futbolistas con un talento inmenso como Zlatan Ibrahimovic o Steven Gerrard; tambi\u00e9n aparecen futbolistas intermitentes y con un gran talento que no gustan de mostrar de manera repetitiva como Radamel Falcao o Wayne Rooney; inclusive hasta un campe\u00f3n del mundo como <em>Sergio Ramos<\/em>. <\/p>\n<p>El rotativo indica que Ramos es &#8220;afortunado por haber jugado para Espa\u00f1a en una \u00e9poca en la que el mediocampo era tan dominante que un defensa como \u00e9l pod\u00eda sentarse y disfrutar del espect\u00e1culo&#8221;. <\/p>\n<p>&#8220;Cuando Ramos debe defender un uno contra uno es temerario, lo demuestran las 19 tarjetas rojas que ha visto en la Liga, m\u00e1s que cualquier jugador&#8221;, justifica el Daily Telegraph sobre un defens con una Champions y tres Ligas, campe\u00f3n del Mundo y dos veces campe\u00f3n de Europa con Espa\u00f1a en su palmar\u00e9s.<\/p>\n<p>Hay m\u00e1s. Algunos han protagonizado sonados fracasos en la Premier League, como Mario Balotelli, Robinho o Radamel Falcao. A otros grandes talentos se les cuestiona su actitud: Zlatan Ibrahimovic o Wayne Rooney. Tambi\u00e9n a Steven Gerrard se le acusa por ser &#8220;bueno, pero no un grande&#8221;. <\/p>\n<p>La lista completa de los m\u00e1s sobrevalorados:<\/p>\n<p>La lista completa:<br \/>\n1. Mario Balotelli<br \/>\n2. Robinho<br \/>\n3. Radamel Falcao<br \/>\n4. Ibrahimovic<br \/>\n5. Faustino Asprilla<br \/>\n6. David Luiz<br \/>\n7. Ezequiel Lavezzi<br \/>\n8. Wesley Sneijder<br \/>\n9. Sergio Ramos<br \/>\n10. Jack Wilshere<br \/>\n11. Steven Gerrard<br \/>\n12. Roberto Baggio<br \/>\n13. Adriano<br \/>\n14. Wayne Rooney<br \/>\n15. David Ginola<br \/>\n16. Denilson<br \/>\n17. Florent Malouda<br \/>\n18. Nicolas Anelka<br \/>\n19. Carlos Valderrama<br \/>\n20. Georgi Kinkladze<\/p>\n<p>\u00bfEst\u00e1n de acuerdo, cracks? \u00bfQui\u00e9n hubiera liderado su listado de los futbolistas sobrevalorados?<\/p>\n","protected":false},"excerpt":{"rendered":"<p>Mario Balotelli lidera el cat\u00e1logo de jugadores citados <\/p>\n","protected":false},"author":20,"featured_media":298411,"comment_status":"open","ping_status":"open","sticky":false,"template":"","format":"standard","meta":[],"categories":[3844],"tags":[6002,5876],"_links":{"self":[{"href":"http:\/\/desarrollo.grupomedios.com\/futbol\/wp-json\/wp\/v2\/posts\/298409"}],"collection":[{"href":"http:\/\/desarrollo.grupomedios.com\/futbol\/wp-json\/wp\/v2\/posts"}],"about":[{"href":"http:\/\/desarrollo.grupomedios.com\/futbol\/wp-json\/wp\/v2\/types\/post"}],"author":[{"embeddable":true,"href":"http:\/\/desarrollo.grupomedios.com\/futbol\/wp-json\/wp\/v2\/users\/20"}],"replies":[{"embeddable":true,"href":"http:\/\/desarrollo.grupomedios.com\/futbol\/wp-json\/wp\/v2\/comments?post=298409"}],"version-history":[{"count":0,"href":"http:\/\/desarrollo.grupomedios.com\/futbol\/wp-json\/wp\/v2\/posts\/298409\/revisions"}],"wp:featuredmedia":[{"embeddable":true,"href":"http:\/\/desarrollo.grupomedios.com\/futbol\/wp-json\/wp\/v2\/media\/298411"}],"wp:attachment":[{"href":"http:\/\/desarrollo.grupomedios.com\/futbol\/wp-json\/wp\/v2\/media?parent=298409"}],"wp:term":[{"taxonomy":"category","embeddable":true,"href":"http:\/\/desarrollo.grupomedios.com\/futbol\/wp-json\/wp\/v2\/categories?post=298409"},{"taxonomy":"post_tag","embeddable":true,"href":"http:\/\/desarrollo.grupomedios.com\/futbol\/wp-json\/wp\/v2\/tags?post=298409"}],"curies":[{"name":"wp","href":"https:\/\/api.w.org\/{rel}","templated":true}]}}