{"id":298713,"date":"2015-08-03T09:55:12","date_gmt":"2015-08-03T14:55:12","guid":{"rendered":"http:\/\/futboltotal.com.mx\/?p=298713"},"modified":"2015-08-03T13:17:34","modified_gmt":"2015-08-03T18:17:34","slug":"marcelo-bielsa-se-cotiza-en-3-6-mde-al-ano","status":"publish","type":"post","link":"http:\/\/desarrollo.grupomedios.com\/futbol\/destacado-home\/marcelo-bielsa-se-cotiza-en-3-6-mde-al-ano\/2015\/08","title":{"rendered":"Marcelo Bielsa se cotiza en 3.6 MDE al a\u00f1o"},"content":{"rendered":"<p>El entrenador argentino <strong>Marcelo Bielsa<\/strong> es una opci\u00f3n en la baraja de t\u00e9cnicos que busca la <strong>Federaci\u00f3n Mexicana de Futbol<\/strong> (FMF) para reemplazar a <strong>Miguel Herrera<\/strong>, quien fue cesado la semana pasada como t\u00e9cnico de la <strong>Selecci\u00f3n Mexicana<\/strong>.<\/p>\n<p>Dentro de la gama de candidatos extranjeros\u00a0que posee la <strong>FMF<\/strong>, <strong>Bielsa<\/strong> luce como una opci\u00f3n atractiva por su filosof\u00eda de juego, su palmar\u00e9s a nivel selecciones y el conocimiento previo del medio mexicano, as\u00ed como el desarrollo de talentos nuevos.<\/p>\n<p>Entre<strong> Argentina<\/strong> y<strong> Chile<\/strong>, <strong>Marcelo Bielsa<\/strong>, quien actualmente dirgie al Olympique de Marsella, pas\u00f3 diez de los trece a\u00f1os entre 1998 y 2011 dirigiendo a las selecciones sudamericanas. Gui\u00f3 a Argentina a un subcampeonato de Copa Am\u00e9rica y una medalla de oro Ol\u00edmpica, ambas en el 2004. En Chile, es altamente reconocido por establecer el estilo de juego que Jorge Sampaoli (un disc\u00edpulo de <strong>Bielsa<\/strong> y otro candidato a la <strong>Selecci\u00f3n Mexicana<\/strong>) explot\u00f3 rumbo al campeonato de la Copa Am\u00e9rica 2015.<\/p>\n<p>Tras aquellos periodos, <strong>Marcelo Bielsa<\/strong> emigr\u00f3 a Espa\u00f1a donde dirigi\u00f3 al Athletic Bilbao e ingres\u00f3 2.5 millones de euros al a\u00f1o,\u00a0seg\u00fan investigaciones de medios vascos. En Francia, el sitio de finanzas deportivas <em>Sportune<\/em> desvel\u00f3 que el entrenador argentino\u00a0<strong>gana 300\u00a0mil\u00a0euros al mes<\/strong> con el Marsella, totalizando un salario de <strong>3.6 millones de euros anuales<\/strong>.<\/p>\n<p><strong>M\u00e9xico<\/strong>, por ende, tendr\u00eda que mejorar la propuesta econ\u00f3mica para motivar a <strong>Marcelo Bielsa<\/strong>, quien estuvo seis a\u00f1os al frente de Argentina y cuatro a\u00f1os al frente de Chile, de dejar el futbol europeo y tomar su tercera selecci\u00f3n nacional a sus 60 a\u00f1os de edad. Si llega al <em>Tricolor<\/em>, su primer reto ser\u00eda estabilizar a la <strong>Selecci\u00f3n Mexicana<\/strong>, que no ha tenido un entrenador que dure un proceso completo desde <strong>Ricardo La Volpe<\/strong>, quien dirigi\u00f3 al <em>Tri<\/em> desde el 2003 hasta el Mundial de Alemania 2006.<\/p>\n","protected":false},"excerpt":{"rendered":"<p>M\u00e9xico deber\u00e1 mejorar la oferta para atraer al DT argentino<\/p>\n","protected":false},"author":20,"featured_media":298724,"comment_status":"open","ping_status":"open","sticky":false,"template":"","format":"standard","meta":[],"categories":[5,2198,3845,3847],"tags":[1173,65],"_links":{"self":[{"href":"http:\/\/desarrollo.grupomedios.com\/futbol\/wp-json\/wp\/v2\/posts\/298713"}],"collection":[{"href":"http:\/\/desarrollo.grupomedios.com\/futbol\/wp-json\/wp\/v2\/posts"}],"about":[{"href":"http:\/\/desarrollo.grupomedios.com\/futbol\/wp-json\/wp\/v2\/types\/post"}],"author":[{"embeddable":true,"href":"http:\/\/desarrollo.grupomedios.com\/futbol\/wp-json\/wp\/v2\/users\/20"}],"replies":[{"embeddable":true,"href":"http:\/\/desarrollo.grupomedios.com\/futbol\/wp-json\/wp\/v2\/comments?post=298713"}],"version-history":[{"count":0,"href":"http:\/\/desarrollo.grupomedios.com\/futbol\/wp-json\/wp\/v2\/posts\/298713\/revisions"}],"wp:featuredmedia":[{"embeddable":true,"href":"http:\/\/desarrollo.grupomedios.com\/futbol\/wp-json\/wp\/v2\/media\/298724"}],"wp:attachment":[{"href":"http:\/\/desarrollo.grupomedios.com\/futbol\/wp-json\/wp\/v2\/media?parent=298713"}],"wp:term":[{"taxonomy":"category","embeddable":true,"href":"http:\/\/desarrollo.grupomedios.com\/futbol\/wp-json\/wp\/v2\/categories?post=298713"},{"taxonomy":"post_tag","embeddable":true,"href":"http:\/\/desarrollo.grupomedios.com\/futbol\/wp-json\/wp\/v2\/tags?post=298713"}],"curies":[{"name":"wp","href":"https:\/\/api.w.org\/{rel}","templated":true}]}}